{"id":1093,"date":"2014-02-03T07:43:53","date_gmt":"2014-02-03T06:43:53","guid":{"rendered":"http:\/\/www.nesthostelsvalencia.com\/?p=1093"},"modified":"2024-04-02T16:07:09","modified_gmt":"2024-04-02T14:07:09","slug":"festival-de-rock-de-gazpatxo","status":"publish","type":"post","link":"https:\/\/nesthostelsvalencia.com\/es\/festival-de-rock-de-gazpatxo\/","title":{"rendered":"Festival de Rock de Gazpatxo"},"content":{"rendered":"\n<p>Porretas, El \u00daltimo Ke Zierre y La Ra\u00edz son los cabezas de cartel del 9\u00ba Gazpatxo Rock, el festival que se celebrar\u00e1 el 21 de febrero en el Pabell\u00f3n Polideportivo de Ayora (Recinto de Carnavales). Tambi\u00e9n se subir\u00e1n al escenario del evento Manolo Kabezabolo y Sujeto K. Adem\u00e1s, el d\u00eda anterior al festival tendr\u00e1 lugar una fiesta de bienvenida en el Pub Brujas de la localidad valenciana, en la que actuar\u00e1n KaminoAlHospitaly Los Puto Donal.<\/p>\n\n\n\n<p class=\"has-text-align-center\">22 de febrero,&nbsp;Doctor Manuel Roman\u00ed, s\/n, C.P. 46620, Ayora, Valencia\/Val\u00e8ncia<\/p>\n\n\n\n<p class=\"has-text-align-center\">Descubre la ciudad con<a href=\"http:\/\/www,nesthostelsvalencia.com\" target=\"_blank\" rel=\"noopener\"> Purple Nest Hostel<\/a>.<\/p>\n\n\n\n<p class=\"has-text-align-center\">&nbsp;<\/p>\n","protected":false},"excerpt":{"rendered":"<p>Porretas, El \u00daltimo Ke Zierre y La Ra\u00edz son los cabezas de cartel del 9\u00ba Gazpatxo Rock, el festival que se celebrar\u00e1 el 21 de febrero en el Pabell\u00f3n Polideportivo de Ayora (Recinto de Carnavales). Tambi\u00e9n se subir\u00e1n al escenario del evento Manolo Kabezabolo y Sujeto K. Adem\u00e1s, el d\u00eda anterior al festival tendr\u00e1 lugar [&hellip;]<\/p>\n","protected":false},"author":21,"featured_media":1094,"comment_status":"open","ping_status":"open","sticky":false,"template":"","format":"standard","meta":{"footnotes":""},"categories":[117,131],"tags":[],"class_list":["post-1093","post","type-post","status-publish","format-standard","has-post-thumbnail","hentry","category-festivales","category-tips-viaje"],"yoast_head":"<!-- This site is optimized with the Yoast SEO plugin v27.5 - https:\/\/yoast.com\/product\/yoast-seo-wordpress\/ -->\n<title>Festival de Rock de Gazpatxo &#8226; Nest Hostels Valencia<\/title>\n<meta name=\"description\" content=\"Festival de Rock de Gazpatxo\" \/>\n<meta name=\"robots\" content=\"index, follow, max-snippet:-1, max-image-preview:large, max-video-preview:-1\" \/>\n<link rel=\"canonical\" href=\"https:\/\/nesthostelsvalencia.com\/es\/festival-de-rock-de-gazpatxo\/\" \/>\n<meta property=\"og:locale\" content=\"es_ES\" \/>\n<meta property=\"og:type\" content=\"article\" \/>\n<meta property=\"og:title\" content=\"Festival de Rock de Gazpatxo &#8226; Nest Hostels Valencia\" \/>\n<meta property=\"og:description\" content=\"Festival de Rock de Gazpatxo\" \/>\n<meta property=\"og:url\" content=\"https:\/\/nesthostelsvalencia.com\/es\/festival-de-rock-de-gazpatxo\/\" \/>\n<meta property=\"og:site_name\" content=\"Nest Hostels Valencia\" \/>\n<meta property=\"article:published_time\" content=\"2014-02-03T06:43:53+00:00\" \/>\n<meta property=\"article:modified_time\" content=\"2024-04-02T14:07:09+00:00\" \/>\n<meta property=\"og:image\" content=\"https:\/\/nesthostelsvalencia.com\/wp-content\/uploads\/2014\/02\/copy-cabecera-junio-2013.jpg\" \/>\n\t<meta property=\"og:image:width\" content=\"1120\" \/>\n\t<meta property=\"og:image:height\" content=\"252\" \/>\n\t<meta property=\"og:image:type\" content=\"image\/jpeg\" \/>\n<meta name=\"author\" content=\"Feet Up\" \/>\n<meta name=\"twitter:card\" content=\"summary_large_image\" \/>\n<meta name=\"twitter:label1\" content=\"Escrito por\" \/>\n\t<meta name=\"twitter:data1\" content=\"Feet Up\" \/>\n\t<meta name=\"twitter:label2\" content=\"Tiempo de lectura\" \/>\n\t<meta name=\"twitter:data2\" content=\"1 minute\" \/>\n<script type=\"application\/ld+json\" class=\"yoast-schema-graph\">{\"@context\":\"https:\\\/\\\/schema.org\",\"@graph\":[{\"@type\":\"Article\",\"@id\":\"https:\\\/\\\/nesthostelsvalencia.com\\\/es\\\/festival-de-rock-de-gazpatxo\\\/#article\",\"isPartOf\":{\"@id\":\"https:\\\/\\\/nesthostelsvalencia.com\\\/es\\\/festival-de-rock-de-gazpatxo\\\/\"},\"author\":{\"name\":\"Feet Up\",\"@id\":\"https:\\\/\\\/nesthostelsvalencia.com\\\/es\\\/#\\\/schema\\\/person\\\/2c4f510f8a0f6934f56d4bbd7df56131\"},\"headline\":\"Festival de Rock de Gazpatxo\",\"datePublished\":\"2014-02-03T06:43:53+00:00\",\"dateModified\":\"2024-04-02T14:07:09+00:00\",\"mainEntityOfPage\":{\"@id\":\"https:\\\/\\\/nesthostelsvalencia.com\\\/es\\\/festival-de-rock-de-gazpatxo\\\/\"},\"wordCount\":107,\"commentCount\":0,\"publisher\":{\"@id\":\"https:\\\/\\\/nesthostelsvalencia.com\\\/es\\\/#organization\"},\"image\":{\"@id\":\"https:\\\/\\\/nesthostelsvalencia.com\\\/es\\\/festival-de-rock-de-gazpatxo\\\/#primaryimage\"},\"thumbnailUrl\":\"https:\\\/\\\/nesthostelsvalencia.com\\\/wp-content\\\/uploads\\\/2014\\\/02\\\/copy-cabecera-junio-2013.jpg\",\"articleSection\":[\"Festivales\",\"Tips de viaje\"],\"inLanguage\":\"es-ES\",\"potentialAction\":[{\"@type\":\"CommentAction\",\"name\":\"Comment\",\"target\":[\"https:\\\/\\\/nesthostelsvalencia.com\\\/es\\\/festival-de-rock-de-gazpatxo\\\/#respond\"]}]},{\"@type\":\"WebPage\",\"@id\":\"https:\\\/\\\/nesthostelsvalencia.com\\\/es\\\/festival-de-rock-de-gazpatxo\\\/\",\"url\":\"https:\\\/\\\/nesthostelsvalencia.com\\\/es\\\/festival-de-rock-de-gazpatxo\\\/\",\"name\":\"Festival de Rock de Gazpatxo &#8226; Nest Hostels Valencia\",\"isPartOf\":{\"@id\":\"https:\\\/\\\/nesthostelsvalencia.com\\\/es\\\/#website\"},\"primaryImageOfPage\":{\"@id\":\"https:\\\/\\\/nesthostelsvalencia.com\\\/es\\\/festival-de-rock-de-gazpatxo\\\/#primaryimage\"},\"image\":{\"@id\":\"https:\\\/\\\/nesthostelsvalencia.com\\\/es\\\/festival-de-rock-de-gazpatxo\\\/#primaryimage\"},\"thumbnailUrl\":\"https:\\\/\\\/nesthostelsvalencia.com\\\/wp-content\\\/uploads\\\/2014\\\/02\\\/copy-cabecera-junio-2013.jpg\",\"datePublished\":\"2014-02-03T06:43:53+00:00\",\"dateModified\":\"2024-04-02T14:07:09+00:00\",\"description\":\"Festival de Rock de Gazpatxo\",\"breadcrumb\":{\"@id\":\"https:\\\/\\\/nesthostelsvalencia.com\\\/es\\\/festival-de-rock-de-gazpatxo\\\/#breadcrumb\"},\"inLanguage\":\"es-ES\",\"potentialAction\":[{\"@type\":\"ReadAction\",\"target\":[\"https:\\\/\\\/nesthostelsvalencia.com\\\/es\\\/festival-de-rock-de-gazpatxo\\\/\"]}]},{\"@type\":\"ImageObject\",\"inLanguage\":\"es-ES\",\"@id\":\"https:\\\/\\\/nesthostelsvalencia.com\\\/es\\\/festival-de-rock-de-gazpatxo\\\/#primaryimage\",\"url\":\"https:\\\/\\\/nesthostelsvalencia.com\\\/wp-content\\\/uploads\\\/2014\\\/02\\\/copy-cabecera-junio-2013.jpg\",\"contentUrl\":\"https:\\\/\\\/nesthostelsvalencia.com\\\/wp-content\\\/uploads\\\/2014\\\/02\\\/copy-cabecera-junio-2013.jpg\",\"width\":1120,\"height\":252,\"caption\":\"Come to the Gazpatxo rock restival\"},{\"@type\":\"BreadcrumbList\",\"@id\":\"https:\\\/\\\/nesthostelsvalencia.com\\\/es\\\/festival-de-rock-de-gazpatxo\\\/#breadcrumb\",\"itemListElement\":[{\"@type\":\"ListItem\",\"position\":1,\"name\":\"Home\",\"item\":\"https:\\\/\\\/nesthostelsvalencia.com\\\/es\\\/\"},{\"@type\":\"ListItem\",\"position\":2,\"name\":\"Festival de Rock de Gazpatxo\"}]},{\"@type\":\"WebSite\",\"@id\":\"https:\\\/\\\/nesthostelsvalencia.com\\\/es\\\/#website\",\"url\":\"https:\\\/\\\/nesthostelsvalencia.com\\\/es\\\/\",\"name\":\"Nest Hostels Valencia\",\"description\":\"News, events and tourist info about Valencia\",\"publisher\":{\"@id\":\"https:\\\/\\\/nesthostelsvalencia.com\\\/es\\\/#organization\"},\"alternateName\":\"Nest Hostels Valencia\",\"potentialAction\":[{\"@type\":\"SearchAction\",\"target\":{\"@type\":\"EntryPoint\",\"urlTemplate\":\"https:\\\/\\\/nesthostelsvalencia.com\\\/es\\\/?s={search_term_string}\"},\"query-input\":{\"@type\":\"PropertyValueSpecification\",\"valueRequired\":true,\"valueName\":\"search_term_string\"}}],\"inLanguage\":\"es-ES\"},{\"@type\":\"Organization\",\"@id\":\"https:\\\/\\\/nesthostelsvalencia.com\\\/es\\\/#organization\",\"name\":\"Nest Hostels Valencia\",\"alternateName\":\"Youth hostels and beds for travelers in Valencia\",\"url\":\"https:\\\/\\\/nesthostelsvalencia.com\\\/es\\\/\",\"logo\":{\"@type\":\"ImageObject\",\"inLanguage\":\"es-ES\",\"@id\":\"https:\\\/\\\/nesthostelsvalencia.com\\\/es\\\/#\\\/schema\\\/logo\\\/image\\\/\",\"url\":\"https:\\\/\\\/nesthostelsvalencia.com\\\/wp-content\\\/uploads\\\/2022\\\/01\\\/logo-nesthostels-valencia-feetuphostels.svg\",\"contentUrl\":\"https:\\\/\\\/nesthostelsvalencia.com\\\/wp-content\\\/uploads\\\/2022\\\/01\\\/logo-nesthostels-valencia-feetuphostels.svg\",\"width\":279,\"height\":130,\"caption\":\"Nest Hostels Valencia\"},\"image\":{\"@id\":\"https:\\\/\\\/nesthostelsvalencia.com\\\/es\\\/#\\\/schema\\\/logo\\\/image\\\/\"}},{\"@type\":\"Person\",\"@id\":\"https:\\\/\\\/nesthostelsvalencia.com\\\/es\\\/#\\\/schema\\\/person\\\/2c4f510f8a0f6934f56d4bbd7df56131\",\"name\":\"Feet Up\",\"image\":{\"@type\":\"ImageObject\",\"inLanguage\":\"es-ES\",\"@id\":\"https:\\\/\\\/nesthostelsvalencia.com\\\/wp-content\\\/litespeed\\\/avatar\\\/1d4f2e63f111df6736bfebac4435f67f.jpg?ver=1776844101\",\"url\":\"https:\\\/\\\/nesthostelsvalencia.com\\\/wp-content\\\/litespeed\\\/avatar\\\/1d4f2e63f111df6736bfebac4435f67f.jpg?ver=1776844101\",\"contentUrl\":\"https:\\\/\\\/nesthostelsvalencia.com\\\/wp-content\\\/litespeed\\\/avatar\\\/1d4f2e63f111df6736bfebac4435f67f.jpg?ver=1776844101\",\"caption\":\"Feet Up\"},\"sameAs\":[\"https:\\\/\\\/feetupgroup.com\\\/\"],\"url\":\"https:\\\/\\\/nesthostelsvalencia.com\\\/es\\\/author\\\/feet-up\\\/\"}]}<\/script>\n<!-- \/ Yoast SEO plugin. -->","yoast_head_json":{"title":"Festival de Rock de Gazpatxo &#8226; Nest Hostels Valencia","description":"Festival de Rock de Gazpatxo","robots":{"index":"index","follow":"follow","max-snippet":"max-snippet:-1","max-image-preview":"max-image-preview:large","max-video-preview":"max-video-preview:-1"},"canonical":"https:\/\/nesthostelsvalencia.com\/es\/festival-de-rock-de-gazpatxo\/","og_locale":"es_ES","og_type":"article","og_title":"Festival de Rock de Gazpatxo &#8226; Nest Hostels Valencia","og_description":"Festival de Rock de Gazpatxo","og_url":"https:\/\/nesthostelsvalencia.com\/es\/festival-de-rock-de-gazpatxo\/","og_site_name":"Nest Hostels Valencia","article_published_time":"2014-02-03T06:43:53+00:00","article_modified_time":"2024-04-02T14:07:09+00:00","og_image":[{"width":1120,"height":252,"url":"https:\/\/nesthostelsvalencia.com\/wp-content\/uploads\/2014\/02\/copy-cabecera-junio-2013.jpg","type":"image\/jpeg"}],"author":"Feet Up","twitter_card":"summary_large_image","twitter_misc":{"Escrito por":"Feet Up","Tiempo de lectura":"1 minute"},"schema":{"@context":"https:\/\/schema.org","@graph":[{"@type":"Article","@id":"https:\/\/nesthostelsvalencia.com\/es\/festival-de-rock-de-gazpatxo\/#article","isPartOf":{"@id":"https:\/\/nesthostelsvalencia.com\/es\/festival-de-rock-de-gazpatxo\/"},"author":{"name":"Feet Up","@id":"https:\/\/nesthostelsvalencia.com\/es\/#\/schema\/person\/2c4f510f8a0f6934f56d4bbd7df56131"},"headline":"Festival de Rock de Gazpatxo","datePublished":"2014-02-03T06:43:53+00:00","dateModified":"2024-04-02T14:07:09+00:00","mainEntityOfPage":{"@id":"https:\/\/nesthostelsvalencia.com\/es\/festival-de-rock-de-gazpatxo\/"},"wordCount":107,"commentCount":0,"publisher":{"@id":"https:\/\/nesthostelsvalencia.com\/es\/#organization"},"image":{"@id":"https:\/\/nesthostelsvalencia.com\/es\/festival-de-rock-de-gazpatxo\/#primaryimage"},"thumbnailUrl":"https:\/\/nesthostelsvalencia.com\/wp-content\/uploads\/2014\/02\/copy-cabecera-junio-2013.jpg","articleSection":["Festivales","Tips de viaje"],"inLanguage":"es-ES","potentialAction":[{"@type":"CommentAction","name":"Comment","target":["https:\/\/nesthostelsvalencia.com\/es\/festival-de-rock-de-gazpatxo\/#respond"]}]},{"@type":"WebPage","@id":"https:\/\/nesthostelsvalencia.com\/es\/festival-de-rock-de-gazpatxo\/","url":"https:\/\/nesthostelsvalencia.com\/es\/festival-de-rock-de-gazpatxo\/","name":"Festival de Rock de Gazpatxo &#8226; Nest Hostels Valencia","isPartOf":{"@id":"https:\/\/nesthostelsvalencia.com\/es\/#website"},"primaryImageOfPage":{"@id":"https:\/\/nesthostelsvalencia.com\/es\/festival-de-rock-de-gazpatxo\/#primaryimage"},"image":{"@id":"https:\/\/nesthostelsvalencia.com\/es\/festival-de-rock-de-gazpatxo\/#primaryimage"},"thumbnailUrl":"https:\/\/nesthostelsvalencia.com\/wp-content\/uploads\/2014\/02\/copy-cabecera-junio-2013.jpg","datePublished":"2014-02-03T06:43:53+00:00","dateModified":"2024-04-02T14:07:09+00:00","description":"Festival de Rock de Gazpatxo","breadcrumb":{"@id":"https:\/\/nesthostelsvalencia.com\/es\/festival-de-rock-de-gazpatxo\/#breadcrumb"},"inLanguage":"es-ES","potentialAction":[{"@type":"ReadAction","target":["https:\/\/nesthostelsvalencia.com\/es\/festival-de-rock-de-gazpatxo\/"]}]},{"@type":"ImageObject","inLanguage":"es-ES","@id":"https:\/\/nesthostelsvalencia.com\/es\/festival-de-rock-de-gazpatxo\/#primaryimage","url":"https:\/\/nesthostelsvalencia.com\/wp-content\/uploads\/2014\/02\/copy-cabecera-junio-2013.jpg","contentUrl":"https:\/\/nesthostelsvalencia.com\/wp-content\/uploads\/2014\/02\/copy-cabecera-junio-2013.jpg","width":1120,"height":252,"caption":"Come to the Gazpatxo rock restival"},{"@type":"BreadcrumbList","@id":"https:\/\/nesthostelsvalencia.com\/es\/festival-de-rock-de-gazpatxo\/#breadcrumb","itemListElement":[{"@type":"ListItem","position":1,"name":"Home","item":"https:\/\/nesthostelsvalencia.com\/es\/"},{"@type":"ListItem","position":2,"name":"Festival de Rock de Gazpatxo"}]},{"@type":"WebSite","@id":"https:\/\/nesthostelsvalencia.com\/es\/#website","url":"https:\/\/nesthostelsvalencia.com\/es\/","name":"Nest Hostels Valencia","description":"News, events and tourist info about Valencia","publisher":{"@id":"https:\/\/nesthostelsvalencia.com\/es\/#organization"},"alternateName":"Nest Hostels Valencia","potentialAction":[{"@type":"SearchAction","target":{"@type":"EntryPoint","urlTemplate":"https:\/\/nesthostelsvalencia.com\/es\/?s={search_term_string}"},"query-input":{"@type":"PropertyValueSpecification","valueRequired":true,"valueName":"search_term_string"}}],"inLanguage":"es-ES"},{"@type":"Organization","@id":"https:\/\/nesthostelsvalencia.com\/es\/#organization","name":"Nest Hostels Valencia","alternateName":"Youth hostels and beds for travelers in Valencia","url":"https:\/\/nesthostelsvalencia.com\/es\/","logo":{"@type":"ImageObject","inLanguage":"es-ES","@id":"https:\/\/nesthostelsvalencia.com\/es\/#\/schema\/logo\/image\/","url":"https:\/\/nesthostelsvalencia.com\/wp-content\/uploads\/2022\/01\/logo-nesthostels-valencia-feetuphostels.svg","contentUrl":"https:\/\/nesthostelsvalencia.com\/wp-content\/uploads\/2022\/01\/logo-nesthostels-valencia-feetuphostels.svg","width":279,"height":130,"caption":"Nest Hostels Valencia"},"image":{"@id":"https:\/\/nesthostelsvalencia.com\/es\/#\/schema\/logo\/image\/"}},{"@type":"Person","@id":"https:\/\/nesthostelsvalencia.com\/es\/#\/schema\/person\/2c4f510f8a0f6934f56d4bbd7df56131","name":"Feet Up","image":{"@type":"ImageObject","inLanguage":"es-ES","@id":"https:\/\/nesthostelsvalencia.com\/wp-content\/litespeed\/avatar\/1d4f2e63f111df6736bfebac4435f67f.jpg?ver=1776844101","url":"https:\/\/nesthostelsvalencia.com\/wp-content\/litespeed\/avatar\/1d4f2e63f111df6736bfebac4435f67f.jpg?ver=1776844101","contentUrl":"https:\/\/nesthostelsvalencia.com\/wp-content\/litespeed\/avatar\/1d4f2e63f111df6736bfebac4435f67f.jpg?ver=1776844101","caption":"Feet Up"},"sameAs":["https:\/\/feetupgroup.com\/"],"url":"https:\/\/nesthostelsvalencia.com\/es\/author\/feet-up\/"}]}},"_links":{"self":[{"href":"https:\/\/nesthostelsvalencia.com\/es\/wp-json\/wp\/v2\/posts\/1093","targetHints":{"allow":["GET"]}}],"collection":[{"href":"https:\/\/nesthostelsvalencia.com\/es\/wp-json\/wp\/v2\/posts"}],"about":[{"href":"https:\/\/nesthostelsvalencia.com\/es\/wp-json\/wp\/v2\/types\/post"}],"author":[{"embeddable":true,"href":"https:\/\/nesthostelsvalencia.com\/es\/wp-json\/wp\/v2\/users\/21"}],"replies":[{"embeddable":true,"href":"https:\/\/nesthostelsvalencia.com\/es\/wp-json\/wp\/v2\/comments?post=1093"}],"version-history":[{"count":0,"href":"https:\/\/nesthostelsvalencia.com\/es\/wp-json\/wp\/v2\/posts\/1093\/revisions"}],"wp:featuredmedia":[{"embeddable":true,"href":"https:\/\/nesthostelsvalencia.com\/es\/wp-json\/wp\/v2\/media\/1094"}],"wp:attachment":[{"href":"https:\/\/nesthostelsvalencia.com\/es\/wp-json\/wp\/v2\/media?parent=1093"}],"wp:term":[{"taxonomy":"category","embeddable":true,"href":"https:\/\/nesthostelsvalencia.com\/es\/wp-json\/wp\/v2\/categories?post=1093"},{"taxonomy":"post_tag","embeddable":true,"href":"https:\/\/nesthostelsvalencia.com\/es\/wp-json\/wp\/v2\/tags?post=1093"}],"curies":[{"name":"wp","href":"https:\/\/api.w.org\/{rel}","templated":true}]}}