{"id":13692,"date":"2013-11-29T09:18:46","date_gmt":"2013-11-29T08:18:46","guid":{"rendered":"https:\/\/nesthostelsvalencia.com\/pop-up-market\/"},"modified":"2023-12-26T12:58:51","modified_gmt":"2023-12-26T11:58:51","slug":"mercadillo-pop-up-valencia","status":"publish","type":"post","link":"https:\/\/nesthostelsvalencia.com\/es\/mercadillo-pop-up-valencia\/","title":{"rendered":"Mercadillo Pop Up Valencia"},"content":{"rendered":"\n<p>El edificio de la antigua Hannax en Caballeros del Carmen -36, volver\u00e1 a acoger a 150 dise\u00f1adores y artesanos para mostrar sus creaciones en diciembre y enero. El Pop Up Market vuelve con fuerza con tres nuevas ediciones especiales entre diciembre y enero, con hasta 150 dise\u00f1adores y artesanos emergentes y consagrados, en uno de los edificios m\u00e1s emblem\u00e1ticos de Valencia en la calle Caballeros, n\u00famero 36, en el barrio del Carmen.<\/p>\n\n\n\n<p class=\"has-text-align-center\"><a href=\"https:\/\/nesthostelsvalencia.com\/es\/\">Purple Nest Hostel <\/a>dijo:<em> &#8220;Si quieres encontrar buenos regalos de Valencia para tu familia o amigos, es una buena idea ir a donde&#8221;<\/em><\/p>\n\n\n\n<div class=\"wp-block-image\"><figure class=\"aligncenter\"><a href=\"http:\/\/www.nesthostelsvalencia.com\/wp-content\/uploads\/2013\/11\/popup-market-Valencia-600x400.jpg\"><img fetchpriority=\"high\" decoding=\"async\" width=\"600\" height=\"400\" src=\"http:\/\/www.nesthostelsvalencia.com\/wp-content\/uploads\/2013\/11\/popup-market-Valencia-600x400.jpg\" alt=\"popup-market-Valencia-600x400\" class=\"wp-image-957\" srcset=\"https:\/\/nesthostelsvalencia.com\/wp-content\/uploads\/2013\/11\/popup-market-Valencia-600x400.jpg 600w, https:\/\/nesthostelsvalencia.com\/wp-content\/uploads\/2013\/11\/popup-market-Valencia-600x400-300x200.jpg 300w, https:\/\/nesthostelsvalencia.com\/wp-content\/uploads\/2013\/11\/popup-market-Valencia-600x400-219x146.jpg 219w, https:\/\/nesthostelsvalencia.com\/wp-content\/uploads\/2013\/11\/popup-market-Valencia-600x400-50x33.jpg 50w, https:\/\/nesthostelsvalencia.com\/wp-content\/uploads\/2013\/11\/popup-market-Valencia-600x400-460x307.jpg 460w, https:\/\/nesthostelsvalencia.com\/wp-content\/uploads\/2013\/11\/popup-market-Valencia-600x400-165x110.jpg 165w, https:\/\/nesthostelsvalencia.com\/wp-content\/uploads\/2013\/11\/popup-market-Valencia-600x400-135x90.jpg 135w\" sizes=\"(max-width: 600px) 100vw, 600px\" \/><\/a><\/figure><\/div>\n\n\n\n<p class=\"has-text-align-center\"><\/p>\n\n\n\n<p class=\"has-text-align-left\">Los d\u00edas 6, 7 y 8 de diciembre tendr\u00e1 lugar Candy Edition, el pistoletazo de salida de este mercado diferente y \u00fanico en Valencia. En el umbral de la Navidad, los d\u00edas 21, 22 y 23, lleg\u00f3 la Edici\u00f3n de Navidad con nuevas propuestas originales entre las que los visitantes encontrar\u00e1n ese detalle especial que est\u00e1n buscando.<\/p>\n\n\n\n<p class=\"has-text-align-left\">&nbsp;<\/p>\n","protected":false},"excerpt":{"rendered":"<p>El edificio de la antigua Hannax en Caballeros del Carmen -36, volver\u00e1 a acoger a 150 dise\u00f1adores y artesanos para mostrar sus creaciones en diciembre y enero. El Pop Up Market vuelve con fuerza con tres nuevas ediciones especiales entre diciembre y enero, con hasta 150 dise\u00f1adores y artesanos emergentes y consagrados, en uno de [&hellip;]<\/p>\n","protected":false},"author":21,"featured_media":4945,"comment_status":"open","ping_status":"open","sticky":false,"template":"","format":"standard","meta":{"footnotes":""},"categories":[116,131],"tags":[],"class_list":["post-13692","post","type-post","status-publish","format-standard","has-post-thumbnail","hentry","category-erasmus","category-tips-viaje"],"yoast_head":"<!-- This site is optimized with the Yoast SEO plugin v27.5 - https:\/\/yoast.com\/product\/yoast-seo-wordpress\/ -->\n<title>Mercadillo Pop Up Valencia<\/title>\n<meta name=\"description\" content=\"Mercadillo Pop Up Valencia\" \/>\n<meta name=\"robots\" content=\"index, follow, max-snippet:-1, max-image-preview:large, max-video-preview:-1\" \/>\n<link rel=\"canonical\" href=\"https:\/\/nesthostelsvalencia.com\/es\/mercadillo-pop-up-valencia\/\" \/>\n<meta property=\"og:locale\" content=\"es_ES\" \/>\n<meta property=\"og:type\" content=\"article\" \/>\n<meta property=\"og:title\" content=\"Mercadillo Pop Up Valencia\" \/>\n<meta property=\"og:description\" content=\"Pop Up Market Valencia and Christmas Gifts\" \/>\n<meta property=\"og:url\" content=\"https:\/\/nesthostelsvalencia.com\/es\/mercadillo-pop-up-valencia\/\" \/>\n<meta property=\"og:site_name\" content=\"Nest Hostels Valencia\" \/>\n<meta property=\"article:published_time\" content=\"2013-11-29T08:18:46+00:00\" \/>\n<meta property=\"article:modified_time\" content=\"2023-12-26T11:58:51+00:00\" \/>\n<meta property=\"og:image\" content=\"https:\/\/nesthostelsvalencia.com\/wp-content\/uploads\/2013\/11\/gifts-header.jpg\" \/>\n\t<meta property=\"og:image:width\" content=\"419\" \/>\n\t<meta property=\"og:image:height\" content=\"254\" \/>\n\t<meta property=\"og:image:type\" content=\"image\/jpeg\" \/>\n<meta name=\"author\" content=\"Feet Up\" \/>\n<meta name=\"twitter:card\" content=\"summary_large_image\" \/>\n<meta name=\"twitter:label1\" content=\"Escrito por\" \/>\n\t<meta name=\"twitter:data1\" content=\"Feet Up\" \/>\n\t<meta name=\"twitter:label2\" content=\"Tiempo de lectura\" \/>\n\t<meta name=\"twitter:data2\" content=\"1 minute\" \/>\n<script type=\"application\/ld+json\" class=\"yoast-schema-graph\">{\"@context\":\"https:\\\/\\\/schema.org\",\"@graph\":[{\"@type\":\"Article\",\"@id\":\"https:\\\/\\\/nesthostelsvalencia.com\\\/es\\\/mercadillo-pop-up-valencia\\\/#article\",\"isPartOf\":{\"@id\":\"https:\\\/\\\/nesthostelsvalencia.com\\\/es\\\/mercadillo-pop-up-valencia\\\/\"},\"author\":{\"name\":\"Feet Up\",\"@id\":\"https:\\\/\\\/nesthostelsvalencia.com\\\/es\\\/#\\\/schema\\\/person\\\/2c4f510f8a0f6934f56d4bbd7df56131\"},\"headline\":\"Mercadillo Pop Up Valencia\",\"datePublished\":\"2013-11-29T08:18:46+00:00\",\"dateModified\":\"2023-12-26T11:58:51+00:00\",\"mainEntityOfPage\":{\"@id\":\"https:\\\/\\\/nesthostelsvalencia.com\\\/es\\\/mercadillo-pop-up-valencia\\\/\"},\"wordCount\":158,\"commentCount\":0,\"publisher\":{\"@id\":\"https:\\\/\\\/nesthostelsvalencia.com\\\/es\\\/#organization\"},\"image\":{\"@id\":\"https:\\\/\\\/nesthostelsvalencia.com\\\/es\\\/mercadillo-pop-up-valencia\\\/#primaryimage\"},\"thumbnailUrl\":\"https:\\\/\\\/nesthostelsvalencia.com\\\/wp-content\\\/uploads\\\/2013\\\/11\\\/gifts-header.jpg\",\"articleSection\":[\"Erasmus\",\"Tips de viaje\"],\"inLanguage\":\"es-ES\",\"potentialAction\":[{\"@type\":\"CommentAction\",\"name\":\"Comment\",\"target\":[\"https:\\\/\\\/nesthostelsvalencia.com\\\/es\\\/mercadillo-pop-up-valencia\\\/#respond\"]}]},{\"@type\":\"WebPage\",\"@id\":\"https:\\\/\\\/nesthostelsvalencia.com\\\/es\\\/mercadillo-pop-up-valencia\\\/\",\"url\":\"https:\\\/\\\/nesthostelsvalencia.com\\\/es\\\/mercadillo-pop-up-valencia\\\/\",\"name\":\"Mercadillo Pop Up Valencia\",\"isPartOf\":{\"@id\":\"https:\\\/\\\/nesthostelsvalencia.com\\\/es\\\/#website\"},\"primaryImageOfPage\":{\"@id\":\"https:\\\/\\\/nesthostelsvalencia.com\\\/es\\\/mercadillo-pop-up-valencia\\\/#primaryimage\"},\"image\":{\"@id\":\"https:\\\/\\\/nesthostelsvalencia.com\\\/es\\\/mercadillo-pop-up-valencia\\\/#primaryimage\"},\"thumbnailUrl\":\"https:\\\/\\\/nesthostelsvalencia.com\\\/wp-content\\\/uploads\\\/2013\\\/11\\\/gifts-header.jpg\",\"datePublished\":\"2013-11-29T08:18:46+00:00\",\"dateModified\":\"2023-12-26T11:58:51+00:00\",\"description\":\"Mercadillo Pop Up Valencia\",\"breadcrumb\":{\"@id\":\"https:\\\/\\\/nesthostelsvalencia.com\\\/es\\\/mercadillo-pop-up-valencia\\\/#breadcrumb\"},\"inLanguage\":\"es-ES\",\"potentialAction\":[{\"@type\":\"ReadAction\",\"target\":[\"https:\\\/\\\/nesthostelsvalencia.com\\\/es\\\/mercadillo-pop-up-valencia\\\/\"]}]},{\"@type\":\"ImageObject\",\"inLanguage\":\"es-ES\",\"@id\":\"https:\\\/\\\/nesthostelsvalencia.com\\\/es\\\/mercadillo-pop-up-valencia\\\/#primaryimage\",\"url\":\"https:\\\/\\\/nesthostelsvalencia.com\\\/wp-content\\\/uploads\\\/2013\\\/11\\\/gifts-header.jpg\",\"contentUrl\":\"https:\\\/\\\/nesthostelsvalencia.com\\\/wp-content\\\/uploads\\\/2013\\\/11\\\/gifts-header.jpg\",\"width\":419,\"height\":254},{\"@type\":\"BreadcrumbList\",\"@id\":\"https:\\\/\\\/nesthostelsvalencia.com\\\/es\\\/mercadillo-pop-up-valencia\\\/#breadcrumb\",\"itemListElement\":[{\"@type\":\"ListItem\",\"position\":1,\"name\":\"Home\",\"item\":\"https:\\\/\\\/nesthostelsvalencia.com\\\/es\\\/\"},{\"@type\":\"ListItem\",\"position\":2,\"name\":\"Mercadillo Pop Up Valencia\"}]},{\"@type\":\"WebSite\",\"@id\":\"https:\\\/\\\/nesthostelsvalencia.com\\\/es\\\/#website\",\"url\":\"https:\\\/\\\/nesthostelsvalencia.com\\\/es\\\/\",\"name\":\"Nest Hostels Valencia\",\"description\":\"News, events and tourist info about Valencia\",\"publisher\":{\"@id\":\"https:\\\/\\\/nesthostelsvalencia.com\\\/es\\\/#organization\"},\"alternateName\":\"Nest Hostels Valencia\",\"potentialAction\":[{\"@type\":\"SearchAction\",\"target\":{\"@type\":\"EntryPoint\",\"urlTemplate\":\"https:\\\/\\\/nesthostelsvalencia.com\\\/es\\\/?s={search_term_string}\"},\"query-input\":{\"@type\":\"PropertyValueSpecification\",\"valueRequired\":true,\"valueName\":\"search_term_string\"}}],\"inLanguage\":\"es-ES\"},{\"@type\":\"Organization\",\"@id\":\"https:\\\/\\\/nesthostelsvalencia.com\\\/es\\\/#organization\",\"name\":\"Nest Hostels Valencia\",\"alternateName\":\"Youth hostels and beds for travelers in Valencia\",\"url\":\"https:\\\/\\\/nesthostelsvalencia.com\\\/es\\\/\",\"logo\":{\"@type\":\"ImageObject\",\"inLanguage\":\"es-ES\",\"@id\":\"https:\\\/\\\/nesthostelsvalencia.com\\\/es\\\/#\\\/schema\\\/logo\\\/image\\\/\",\"url\":\"https:\\\/\\\/nesthostelsvalencia.com\\\/wp-content\\\/uploads\\\/2022\\\/01\\\/logo-nesthostels-valencia-feetuphostels.svg\",\"contentUrl\":\"https:\\\/\\\/nesthostelsvalencia.com\\\/wp-content\\\/uploads\\\/2022\\\/01\\\/logo-nesthostels-valencia-feetuphostels.svg\",\"width\":279,\"height\":130,\"caption\":\"Nest Hostels Valencia\"},\"image\":{\"@id\":\"https:\\\/\\\/nesthostelsvalencia.com\\\/es\\\/#\\\/schema\\\/logo\\\/image\\\/\"}},{\"@type\":\"Person\",\"@id\":\"https:\\\/\\\/nesthostelsvalencia.com\\\/es\\\/#\\\/schema\\\/person\\\/2c4f510f8a0f6934f56d4bbd7df56131\",\"name\":\"Feet Up\",\"image\":{\"@type\":\"ImageObject\",\"inLanguage\":\"es-ES\",\"@id\":\"https:\\\/\\\/nesthostelsvalencia.com\\\/wp-content\\\/litespeed\\\/avatar\\\/1d4f2e63f111df6736bfebac4435f67f.jpg?ver=1777448904\",\"url\":\"https:\\\/\\\/nesthostelsvalencia.com\\\/wp-content\\\/litespeed\\\/avatar\\\/1d4f2e63f111df6736bfebac4435f67f.jpg?ver=1777448904\",\"contentUrl\":\"https:\\\/\\\/nesthostelsvalencia.com\\\/wp-content\\\/litespeed\\\/avatar\\\/1d4f2e63f111df6736bfebac4435f67f.jpg?ver=1777448904\",\"caption\":\"Feet Up\"},\"sameAs\":[\"https:\\\/\\\/feetupgroup.com\\\/\"],\"url\":\"https:\\\/\\\/nesthostelsvalencia.com\\\/es\\\/author\\\/feet-up\\\/\"}]}<\/script>\n<!-- \/ Yoast SEO plugin. -->","yoast_head_json":{"title":"Mercadillo Pop Up Valencia","description":"Mercadillo Pop Up Valencia","robots":{"index":"index","follow":"follow","max-snippet":"max-snippet:-1","max-image-preview":"max-image-preview:large","max-video-preview":"max-video-preview:-1"},"canonical":"https:\/\/nesthostelsvalencia.com\/es\/mercadillo-pop-up-valencia\/","og_locale":"es_ES","og_type":"article","og_title":"Mercadillo Pop Up Valencia","og_description":"Pop Up Market Valencia and Christmas Gifts","og_url":"https:\/\/nesthostelsvalencia.com\/es\/mercadillo-pop-up-valencia\/","og_site_name":"Nest Hostels Valencia","article_published_time":"2013-11-29T08:18:46+00:00","article_modified_time":"2023-12-26T11:58:51+00:00","og_image":[{"width":419,"height":254,"url":"https:\/\/nesthostelsvalencia.com\/wp-content\/uploads\/2013\/11\/gifts-header.jpg","type":"image\/jpeg"}],"author":"Feet Up","twitter_card":"summary_large_image","twitter_misc":{"Escrito por":"Feet Up","Tiempo de lectura":"1 minute"},"schema":{"@context":"https:\/\/schema.org","@graph":[{"@type":"Article","@id":"https:\/\/nesthostelsvalencia.com\/es\/mercadillo-pop-up-valencia\/#article","isPartOf":{"@id":"https:\/\/nesthostelsvalencia.com\/es\/mercadillo-pop-up-valencia\/"},"author":{"name":"Feet Up","@id":"https:\/\/nesthostelsvalencia.com\/es\/#\/schema\/person\/2c4f510f8a0f6934f56d4bbd7df56131"},"headline":"Mercadillo Pop Up Valencia","datePublished":"2013-11-29T08:18:46+00:00","dateModified":"2023-12-26T11:58:51+00:00","mainEntityOfPage":{"@id":"https:\/\/nesthostelsvalencia.com\/es\/mercadillo-pop-up-valencia\/"},"wordCount":158,"commentCount":0,"publisher":{"@id":"https:\/\/nesthostelsvalencia.com\/es\/#organization"},"image":{"@id":"https:\/\/nesthostelsvalencia.com\/es\/mercadillo-pop-up-valencia\/#primaryimage"},"thumbnailUrl":"https:\/\/nesthostelsvalencia.com\/wp-content\/uploads\/2013\/11\/gifts-header.jpg","articleSection":["Erasmus","Tips de viaje"],"inLanguage":"es-ES","potentialAction":[{"@type":"CommentAction","name":"Comment","target":["https:\/\/nesthostelsvalencia.com\/es\/mercadillo-pop-up-valencia\/#respond"]}]},{"@type":"WebPage","@id":"https:\/\/nesthostelsvalencia.com\/es\/mercadillo-pop-up-valencia\/","url":"https:\/\/nesthostelsvalencia.com\/es\/mercadillo-pop-up-valencia\/","name":"Mercadillo Pop Up Valencia","isPartOf":{"@id":"https:\/\/nesthostelsvalencia.com\/es\/#website"},"primaryImageOfPage":{"@id":"https:\/\/nesthostelsvalencia.com\/es\/mercadillo-pop-up-valencia\/#primaryimage"},"image":{"@id":"https:\/\/nesthostelsvalencia.com\/es\/mercadillo-pop-up-valencia\/#primaryimage"},"thumbnailUrl":"https:\/\/nesthostelsvalencia.com\/wp-content\/uploads\/2013\/11\/gifts-header.jpg","datePublished":"2013-11-29T08:18:46+00:00","dateModified":"2023-12-26T11:58:51+00:00","description":"Mercadillo Pop Up Valencia","breadcrumb":{"@id":"https:\/\/nesthostelsvalencia.com\/es\/mercadillo-pop-up-valencia\/#breadcrumb"},"inLanguage":"es-ES","potentialAction":[{"@type":"ReadAction","target":["https:\/\/nesthostelsvalencia.com\/es\/mercadillo-pop-up-valencia\/"]}]},{"@type":"ImageObject","inLanguage":"es-ES","@id":"https:\/\/nesthostelsvalencia.com\/es\/mercadillo-pop-up-valencia\/#primaryimage","url":"https:\/\/nesthostelsvalencia.com\/wp-content\/uploads\/2013\/11\/gifts-header.jpg","contentUrl":"https:\/\/nesthostelsvalencia.com\/wp-content\/uploads\/2013\/11\/gifts-header.jpg","width":419,"height":254},{"@type":"BreadcrumbList","@id":"https:\/\/nesthostelsvalencia.com\/es\/mercadillo-pop-up-valencia\/#breadcrumb","itemListElement":[{"@type":"ListItem","position":1,"name":"Home","item":"https:\/\/nesthostelsvalencia.com\/es\/"},{"@type":"ListItem","position":2,"name":"Mercadillo Pop Up Valencia"}]},{"@type":"WebSite","@id":"https:\/\/nesthostelsvalencia.com\/es\/#website","url":"https:\/\/nesthostelsvalencia.com\/es\/","name":"Nest Hostels Valencia","description":"News, events and tourist info about Valencia","publisher":{"@id":"https:\/\/nesthostelsvalencia.com\/es\/#organization"},"alternateName":"Nest Hostels Valencia","potentialAction":[{"@type":"SearchAction","target":{"@type":"EntryPoint","urlTemplate":"https:\/\/nesthostelsvalencia.com\/es\/?s={search_term_string}"},"query-input":{"@type":"PropertyValueSpecification","valueRequired":true,"valueName":"search_term_string"}}],"inLanguage":"es-ES"},{"@type":"Organization","@id":"https:\/\/nesthostelsvalencia.com\/es\/#organization","name":"Nest Hostels Valencia","alternateName":"Youth hostels and beds for travelers in Valencia","url":"https:\/\/nesthostelsvalencia.com\/es\/","logo":{"@type":"ImageObject","inLanguage":"es-ES","@id":"https:\/\/nesthostelsvalencia.com\/es\/#\/schema\/logo\/image\/","url":"https:\/\/nesthostelsvalencia.com\/wp-content\/uploads\/2022\/01\/logo-nesthostels-valencia-feetuphostels.svg","contentUrl":"https:\/\/nesthostelsvalencia.com\/wp-content\/uploads\/2022\/01\/logo-nesthostels-valencia-feetuphostels.svg","width":279,"height":130,"caption":"Nest Hostels Valencia"},"image":{"@id":"https:\/\/nesthostelsvalencia.com\/es\/#\/schema\/logo\/image\/"}},{"@type":"Person","@id":"https:\/\/nesthostelsvalencia.com\/es\/#\/schema\/person\/2c4f510f8a0f6934f56d4bbd7df56131","name":"Feet Up","image":{"@type":"ImageObject","inLanguage":"es-ES","@id":"https:\/\/nesthostelsvalencia.com\/wp-content\/litespeed\/avatar\/1d4f2e63f111df6736bfebac4435f67f.jpg?ver=1777448904","url":"https:\/\/nesthostelsvalencia.com\/wp-content\/litespeed\/avatar\/1d4f2e63f111df6736bfebac4435f67f.jpg?ver=1777448904","contentUrl":"https:\/\/nesthostelsvalencia.com\/wp-content\/litespeed\/avatar\/1d4f2e63f111df6736bfebac4435f67f.jpg?ver=1777448904","caption":"Feet Up"},"sameAs":["https:\/\/feetupgroup.com\/"],"url":"https:\/\/nesthostelsvalencia.com\/es\/author\/feet-up\/"}]}},"_links":{"self":[{"href":"https:\/\/nesthostelsvalencia.com\/es\/wp-json\/wp\/v2\/posts\/13692","targetHints":{"allow":["GET"]}}],"collection":[{"href":"https:\/\/nesthostelsvalencia.com\/es\/wp-json\/wp\/v2\/posts"}],"about":[{"href":"https:\/\/nesthostelsvalencia.com\/es\/wp-json\/wp\/v2\/types\/post"}],"author":[{"embeddable":true,"href":"https:\/\/nesthostelsvalencia.com\/es\/wp-json\/wp\/v2\/users\/21"}],"replies":[{"embeddable":true,"href":"https:\/\/nesthostelsvalencia.com\/es\/wp-json\/wp\/v2\/comments?post=13692"}],"version-history":[{"count":0,"href":"https:\/\/nesthostelsvalencia.com\/es\/wp-json\/wp\/v2\/posts\/13692\/revisions"}],"wp:featuredmedia":[{"embeddable":true,"href":"https:\/\/nesthostelsvalencia.com\/es\/wp-json\/wp\/v2\/media\/4945"}],"wp:attachment":[{"href":"https:\/\/nesthostelsvalencia.com\/es\/wp-json\/wp\/v2\/media?parent=13692"}],"wp:term":[{"taxonomy":"category","embeddable":true,"href":"https:\/\/nesthostelsvalencia.com\/es\/wp-json\/wp\/v2\/categories?post=13692"},{"taxonomy":"post_tag","embeddable":true,"href":"https:\/\/nesthostelsvalencia.com\/es\/wp-json\/wp\/v2\/tags?post=13692"}],"curies":[{"name":"wp","href":"https:\/\/api.w.org\/{rel}","templated":true}]}}