{"id":13935,"date":"2013-08-27T08:08:11","date_gmt":"2013-08-27T06:08:11","guid":{"rendered":"https:\/\/nesthostelsvalencia.com\/areas-of-valencia-for-night-life\/"},"modified":"2023-12-26T13:03:34","modified_gmt":"2023-12-26T12:03:34","slug":"zonas-de-valencia-para-la-vida-nocturna","status":"publish","type":"post","link":"https:\/\/nesthostelsvalencia.com\/es\/zonas-de-valencia-para-la-vida-nocturna\/","title":{"rendered":"Zonas de Valencia para la Vida Nocturna"},"content":{"rendered":"\n<p class=\"has-text-align-center\"><strong>EL CARMEN<\/strong><\/p>\n\n\n\n<p class=\"has-text-align-left\"><strong>El Barrio de El Carmen<\/strong>, en el casco antiguo de la ciudad, se ha consolidado como la zona de ocio nocturno m\u00e1s reconocida. Aunque inicialmente se consider\u00f3 una alternativa a otras zonas de la ciudad, hoy en d\u00eda puedes encontrar todo tipo de gente en las calles m\u00e1s antiguas de Valencia. Esta es la zona m\u00e1s cercana a <a href=\"https:\/\/nesthostelsvalencia.com\/es\/\">Purple Nest Hostel<\/a> y <a href=\"https:\/\/nesthostelsvalencia.com\/es\/\">Red Nest Hostel<\/a>.<\/p>\n\n\n\n<div class=\"wp-block-image\"><figure class=\"aligncenter\"><a href=\"http:\/\/www.nesthostelsvalencia.com\/wp-content\/uploads\/2013\/08\/barrio-del-carmen-valencia1.jpg\"><img fetchpriority=\"high\" decoding=\"async\" width=\"600\" height=\"250\" src=\"http:\/\/www.nesthostelsvalencia.com\/wp-content\/uploads\/2013\/08\/barrio-del-carmen-valencia1.jpg\" alt=\"barrio-del-carmen-valencia1\" class=\"wp-image-574\" srcset=\"https:\/\/nesthostelsvalencia.com\/wp-content\/uploads\/2013\/08\/barrio-del-carmen-valencia1.jpg 600w, https:\/\/nesthostelsvalencia.com\/wp-content\/uploads\/2013\/08\/barrio-del-carmen-valencia1-300x125.jpg 300w, https:\/\/nesthostelsvalencia.com\/wp-content\/uploads\/2013\/08\/barrio-del-carmen-valencia1-260x108.jpg 260w, https:\/\/nesthostelsvalencia.com\/wp-content\/uploads\/2013\/08\/barrio-del-carmen-valencia1-50x20.jpg 50w, https:\/\/nesthostelsvalencia.com\/wp-content\/uploads\/2013\/08\/barrio-del-carmen-valencia1-190x79.jpg 190w\" sizes=\"(max-width: 600px) 100vw, 600px\" \/><\/a><\/figure><\/div>\n\n\n\n<p class=\"has-text-align-center\"><\/p>\n\n\n\n<p class=\"has-text-align-center\">&nbsp;<\/p>\n\n\n\n<p class=\"has-text-align-center\"><strong>RUZAFA, LA ALTERNATIVA<\/strong><\/p>\n\n\n\n<p class=\"has-text-align-left\">La nueva zona de ocio de la ciudad. Las calles de Ruzafa ofrecen una combinaci\u00f3n de restaurantes y bares innovadores. Un nuevo lugar de encuentro para los esp\u00edritus m\u00e1s alternativos. Cada d\u00eda se vive una fusi\u00f3n constante de tradici\u00f3n, cultura interracial, tapas, jazz, rock\u2026 y todo lo que puedas imaginar en el barrio m\u00e1s de moda.<\/p>\n\n\n\n<div class=\"wp-block-image\"><figure class=\"aligncenter\"><a href=\"http:\/\/www.nesthostelsvalencia.com\/wp-content\/uploads\/2013\/08\/a13-445578086.jpg\"><img decoding=\"async\" width=\"655\" height=\"300\" src=\"http:\/\/www.nesthostelsvalencia.com\/wp-content\/uploads\/2013\/08\/a13-445578086.jpg\" alt=\"a13-445578086\" class=\"wp-image-575\" srcset=\"https:\/\/nesthostelsvalencia.com\/wp-content\/uploads\/2013\/08\/a13-445578086.jpg 655w, https:\/\/nesthostelsvalencia.com\/wp-content\/uploads\/2013\/08\/a13-445578086-300x137.jpg 300w, https:\/\/nesthostelsvalencia.com\/wp-content\/uploads\/2013\/08\/a13-445578086-260x119.jpg 260w, https:\/\/nesthostelsvalencia.com\/wp-content\/uploads\/2013\/08\/a13-445578086-50x22.jpg 50w, https:\/\/nesthostelsvalencia.com\/wp-content\/uploads\/2013\/08\/a13-445578086-190x87.jpg 190w\" sizes=\"(max-width: 655px) 100vw, 655px\" \/><\/a><\/figure><\/div>\n\n\n\n<p class=\"has-text-align-center\"><\/p>\n\n\n\n<p class=\"has-text-align-center\">&nbsp;<\/p>\n\n\n\n<p class=\"has-text-align-center\"><strong>ARAGON, LA ZONA DE ESTUDIANTES<\/strong><\/p>\n\n\n\n<p class=\"has-text-align-left\">La zona comprendida entre <strong>la Avenida de Arag\u00f3n y la Plaza del Cedro<\/strong> es considerada el lugar de encuentro de los estudiantes de la ciudad, entre los que se encuentran los numerosos Erasmus que cada a\u00f1o eligen Valencia como lugar para sus estudios en el extranjero. Y, naturalmente, Valencia sigue siendo una de las ciudades espa\u00f1olas favoritas de los estudiantes europeos.<\/p>\n\n\n\n<p class=\"has-text-align-center\"><strong>LA MARINA, LA ZONA M\u00c1S CHICA<\/strong><\/p>\n\n\n\n<p class=\"has-text-align-left\">Junto al mar cuando empieza el buen tiempo, la experiencia nocturna m\u00e1s chic se encuentra en el Puerto Deportivo Juan Carlos I. Cuando cae la tarde sobre el Puerto Deportivo, sede de la Copa Am\u00e9rica y del Gran Premio de Europa de F\u00f3rmula Uno, los chiringuitos del paseo mar\u00edtimo abren sus puertas a la noche. Un \u00e1rea exclusiva para las primeras copas de la noche, acompa\u00f1adas del sonido de las olas rompiendo.<\/p>\n\n\n\n<div class=\"wp-block-image\"><figure class=\"aligncenter\"><a href=\"http:\/\/www.nesthostelsvalencia.com\/wp-content\/uploads\/2013\/08\/Marina-Real-Juan-Carlos-I.jpg\"><img decoding=\"async\" width=\"3048\" height=\"1139\" src=\"http:\/\/www.nesthostelsvalencia.com\/wp-content\/uploads\/2013\/08\/Marina-Real-Juan-Carlos-I.jpg\" alt=\"Marina-Real-Juan-Carlos-I\" class=\"wp-image-576\" srcset=\"https:\/\/nesthostelsvalencia.com\/wp-content\/uploads\/2013\/08\/Marina-Real-Juan-Carlos-I.jpg 3048w, https:\/\/nesthostelsvalencia.com\/wp-content\/uploads\/2013\/08\/Marina-Real-Juan-Carlos-I-300x112.jpg 300w, https:\/\/nesthostelsvalencia.com\/wp-content\/uploads\/2013\/08\/Marina-Real-Juan-Carlos-I-1024x382.jpg 1024w, https:\/\/nesthostelsvalencia.com\/wp-content\/uploads\/2013\/08\/Marina-Real-Juan-Carlos-I-260x97.jpg 260w, https:\/\/nesthostelsvalencia.com\/wp-content\/uploads\/2013\/08\/Marina-Real-Juan-Carlos-I-50x18.jpg 50w, https:\/\/nesthostelsvalencia.com\/wp-content\/uploads\/2013\/08\/Marina-Real-Juan-Carlos-I-190x71.jpg 190w\" sizes=\"(max-width: 3048px) 100vw, 3048px\" \/><\/a><\/figure><\/div>\n\n\n\n<p class=\"has-text-align-center\"><\/p>\n\n\n\n<p class=\"has-text-align-left\">&nbsp;<\/p>\n","protected":false},"excerpt":{"rendered":"<p>EL CARMEN El Barrio de El Carmen, en el casco antiguo de la ciudad, se ha consolidado como la zona de ocio nocturno m\u00e1s reconocida. Aunque inicialmente se consider\u00f3 una alternativa a otras zonas de la ciudad, hoy en d\u00eda puedes encontrar todo tipo de gente en las calles m\u00e1s antiguas de Valencia. Esta es [&hellip;]<\/p>\n","protected":false},"author":21,"featured_media":4486,"comment_status":"open","ping_status":"open","sticky":false,"template":"","format":"standard","meta":{"footnotes":""},"categories":[116,117,131],"tags":[],"class_list":["post-13935","post","type-post","status-publish","format-standard","has-post-thumbnail","hentry","category-erasmus","category-festivales","category-tips-viaje"],"yoast_head":"<!-- This site is optimized with the Yoast SEO plugin v27.4 - https:\/\/yoast.com\/product\/yoast-seo-wordpress\/ -->\n<title>Zonas de Valencia para la Vida Nocturna &#8226; Nest Hostels Valencia<\/title>\n<meta name=\"description\" content=\"Zonas de Valencia para la Vida Nocturna\" \/>\n<meta name=\"robots\" content=\"index, follow, max-snippet:-1, max-image-preview:large, max-video-preview:-1\" \/>\n<link rel=\"canonical\" href=\"https:\/\/nesthostelsvalencia.com\/es\/zonas-de-valencia-para-la-vida-nocturna\/\" \/>\n<meta property=\"og:locale\" content=\"es_ES\" \/>\n<meta property=\"og:type\" content=\"article\" \/>\n<meta property=\"og:title\" content=\"Zonas de Valencia para la Vida Nocturna &#8226; Nest Hostels Valencia\" \/>\n<meta property=\"og:description\" content=\"Valencia for night life\" \/>\n<meta property=\"og:url\" content=\"https:\/\/nesthostelsvalencia.com\/es\/zonas-de-valencia-para-la-vida-nocturna\/\" \/>\n<meta property=\"og:site_name\" content=\"Nest Hostels Valencia\" \/>\n<meta property=\"article:published_time\" content=\"2013-08-27T06:08:11+00:00\" \/>\n<meta property=\"article:modified_time\" content=\"2023-12-26T12:03:34+00:00\" \/>\n<meta property=\"og:image\" content=\"https:\/\/nesthostelsvalencia.com\/wp-content\/uploads\/2013\/08\/1138211763_vidanocturna.jpg\" \/>\n\t<meta property=\"og:image:width\" content=\"942\" \/>\n\t<meta property=\"og:image:height\" content=\"360\" \/>\n\t<meta property=\"og:image:type\" content=\"image\/jpeg\" \/>\n<meta name=\"author\" content=\"Feet Up\" \/>\n<meta name=\"twitter:card\" content=\"summary_large_image\" \/>\n<meta name=\"twitter:label1\" content=\"Escrito por\" \/>\n\t<meta name=\"twitter:data1\" content=\"Feet Up\" \/>\n\t<meta name=\"twitter:label2\" content=\"Tiempo de lectura\" \/>\n\t<meta name=\"twitter:data2\" content=\"2 minutes\" \/>\n<script type=\"application\/ld+json\" class=\"yoast-schema-graph\">{\"@context\":\"https:\\\/\\\/schema.org\",\"@graph\":[{\"@type\":\"Article\",\"@id\":\"https:\\\/\\\/nesthostelsvalencia.com\\\/es\\\/zonas-de-valencia-para-la-vida-nocturna\\\/#article\",\"isPartOf\":{\"@id\":\"https:\\\/\\\/nesthostelsvalencia.com\\\/es\\\/zonas-de-valencia-para-la-vida-nocturna\\\/\"},\"author\":{\"name\":\"Feet Up\",\"@id\":\"https:\\\/\\\/nesthostelsvalencia.com\\\/es\\\/#\\\/schema\\\/person\\\/2c4f510f8a0f6934f56d4bbd7df56131\"},\"headline\":\"Zonas de Valencia para la Vida Nocturna\",\"datePublished\":\"2013-08-27T06:08:11+00:00\",\"dateModified\":\"2023-12-26T12:03:34+00:00\",\"mainEntityOfPage\":{\"@id\":\"https:\\\/\\\/nesthostelsvalencia.com\\\/es\\\/zonas-de-valencia-para-la-vida-nocturna\\\/\"},\"wordCount\":300,\"commentCount\":0,\"publisher\":{\"@id\":\"https:\\\/\\\/nesthostelsvalencia.com\\\/es\\\/#organization\"},\"image\":{\"@id\":\"https:\\\/\\\/nesthostelsvalencia.com\\\/es\\\/zonas-de-valencia-para-la-vida-nocturna\\\/#primaryimage\"},\"thumbnailUrl\":\"https:\\\/\\\/nesthostelsvalencia.com\\\/wp-content\\\/uploads\\\/2013\\\/08\\\/1138211763_vidanocturna.jpg\",\"articleSection\":[\"Erasmus\",\"Festivales\",\"Tips de viaje\"],\"inLanguage\":\"es-ES\",\"potentialAction\":[{\"@type\":\"CommentAction\",\"name\":\"Comment\",\"target\":[\"https:\\\/\\\/nesthostelsvalencia.com\\\/es\\\/zonas-de-valencia-para-la-vida-nocturna\\\/#respond\"]}]},{\"@type\":\"WebPage\",\"@id\":\"https:\\\/\\\/nesthostelsvalencia.com\\\/es\\\/zonas-de-valencia-para-la-vida-nocturna\\\/\",\"url\":\"https:\\\/\\\/nesthostelsvalencia.com\\\/es\\\/zonas-de-valencia-para-la-vida-nocturna\\\/\",\"name\":\"Zonas de Valencia para la Vida Nocturna &#8226; Nest Hostels Valencia\",\"isPartOf\":{\"@id\":\"https:\\\/\\\/nesthostelsvalencia.com\\\/es\\\/#website\"},\"primaryImageOfPage\":{\"@id\":\"https:\\\/\\\/nesthostelsvalencia.com\\\/es\\\/zonas-de-valencia-para-la-vida-nocturna\\\/#primaryimage\"},\"image\":{\"@id\":\"https:\\\/\\\/nesthostelsvalencia.com\\\/es\\\/zonas-de-valencia-para-la-vida-nocturna\\\/#primaryimage\"},\"thumbnailUrl\":\"https:\\\/\\\/nesthostelsvalencia.com\\\/wp-content\\\/uploads\\\/2013\\\/08\\\/1138211763_vidanocturna.jpg\",\"datePublished\":\"2013-08-27T06:08:11+00:00\",\"dateModified\":\"2023-12-26T12:03:34+00:00\",\"description\":\"Zonas de Valencia para la Vida Nocturna\",\"breadcrumb\":{\"@id\":\"https:\\\/\\\/nesthostelsvalencia.com\\\/es\\\/zonas-de-valencia-para-la-vida-nocturna\\\/#breadcrumb\"},\"inLanguage\":\"es-ES\",\"potentialAction\":[{\"@type\":\"ReadAction\",\"target\":[\"https:\\\/\\\/nesthostelsvalencia.com\\\/es\\\/zonas-de-valencia-para-la-vida-nocturna\\\/\"]}]},{\"@type\":\"ImageObject\",\"inLanguage\":\"es-ES\",\"@id\":\"https:\\\/\\\/nesthostelsvalencia.com\\\/es\\\/zonas-de-valencia-para-la-vida-nocturna\\\/#primaryimage\",\"url\":\"https:\\\/\\\/nesthostelsvalencia.com\\\/wp-content\\\/uploads\\\/2013\\\/08\\\/1138211763_vidanocturna.jpg\",\"contentUrl\":\"https:\\\/\\\/nesthostelsvalencia.com\\\/wp-content\\\/uploads\\\/2013\\\/08\\\/1138211763_vidanocturna.jpg\",\"width\":942,\"height\":360,\"caption\":\"Night Life Valencia\"},{\"@type\":\"BreadcrumbList\",\"@id\":\"https:\\\/\\\/nesthostelsvalencia.com\\\/es\\\/zonas-de-valencia-para-la-vida-nocturna\\\/#breadcrumb\",\"itemListElement\":[{\"@type\":\"ListItem\",\"position\":1,\"name\":\"Home\",\"item\":\"https:\\\/\\\/nesthostelsvalencia.com\\\/es\\\/\"},{\"@type\":\"ListItem\",\"position\":2,\"name\":\"Zonas de Valencia para la Vida Nocturna\"}]},{\"@type\":\"WebSite\",\"@id\":\"https:\\\/\\\/nesthostelsvalencia.com\\\/es\\\/#website\",\"url\":\"https:\\\/\\\/nesthostelsvalencia.com\\\/es\\\/\",\"name\":\"Nest Hostels Valencia\",\"description\":\"News, events and tourist info about Valencia\",\"publisher\":{\"@id\":\"https:\\\/\\\/nesthostelsvalencia.com\\\/es\\\/#organization\"},\"alternateName\":\"Nest Hostels Valencia\",\"potentialAction\":[{\"@type\":\"SearchAction\",\"target\":{\"@type\":\"EntryPoint\",\"urlTemplate\":\"https:\\\/\\\/nesthostelsvalencia.com\\\/es\\\/?s={search_term_string}\"},\"query-input\":{\"@type\":\"PropertyValueSpecification\",\"valueRequired\":true,\"valueName\":\"search_term_string\"}}],\"inLanguage\":\"es-ES\"},{\"@type\":\"Organization\",\"@id\":\"https:\\\/\\\/nesthostelsvalencia.com\\\/es\\\/#organization\",\"name\":\"Nest Hostels Valencia\",\"alternateName\":\"Youth hostels and beds for travelers in Valencia\",\"url\":\"https:\\\/\\\/nesthostelsvalencia.com\\\/es\\\/\",\"logo\":{\"@type\":\"ImageObject\",\"inLanguage\":\"es-ES\",\"@id\":\"https:\\\/\\\/nesthostelsvalencia.com\\\/es\\\/#\\\/schema\\\/logo\\\/image\\\/\",\"url\":\"https:\\\/\\\/nesthostelsvalencia.com\\\/wp-content\\\/uploads\\\/2022\\\/01\\\/logo-nesthostels-valencia-feetuphostels.svg\",\"contentUrl\":\"https:\\\/\\\/nesthostelsvalencia.com\\\/wp-content\\\/uploads\\\/2022\\\/01\\\/logo-nesthostels-valencia-feetuphostels.svg\",\"width\":279,\"height\":130,\"caption\":\"Nest Hostels Valencia\"},\"image\":{\"@id\":\"https:\\\/\\\/nesthostelsvalencia.com\\\/es\\\/#\\\/schema\\\/logo\\\/image\\\/\"}},{\"@type\":\"Person\",\"@id\":\"https:\\\/\\\/nesthostelsvalencia.com\\\/es\\\/#\\\/schema\\\/person\\\/2c4f510f8a0f6934f56d4bbd7df56131\",\"name\":\"Feet Up\",\"image\":{\"@type\":\"ImageObject\",\"inLanguage\":\"es-ES\",\"@id\":\"https:\\\/\\\/nesthostelsvalencia.com\\\/wp-content\\\/litespeed\\\/avatar\\\/1d4f2e63f111df6736bfebac4435f67f.jpg?ver=1776844101\",\"url\":\"https:\\\/\\\/nesthostelsvalencia.com\\\/wp-content\\\/litespeed\\\/avatar\\\/1d4f2e63f111df6736bfebac4435f67f.jpg?ver=1776844101\",\"contentUrl\":\"https:\\\/\\\/nesthostelsvalencia.com\\\/wp-content\\\/litespeed\\\/avatar\\\/1d4f2e63f111df6736bfebac4435f67f.jpg?ver=1776844101\",\"caption\":\"Feet Up\"},\"sameAs\":[\"https:\\\/\\\/feetupgroup.com\\\/\"],\"url\":\"https:\\\/\\\/nesthostelsvalencia.com\\\/es\\\/author\\\/feet-up\\\/\"}]}<\/script>\n<!-- \/ Yoast SEO plugin. -->","yoast_head_json":{"title":"Zonas de Valencia para la Vida Nocturna &#8226; Nest Hostels Valencia","description":"Zonas de Valencia para la Vida Nocturna","robots":{"index":"index","follow":"follow","max-snippet":"max-snippet:-1","max-image-preview":"max-image-preview:large","max-video-preview":"max-video-preview:-1"},"canonical":"https:\/\/nesthostelsvalencia.com\/es\/zonas-de-valencia-para-la-vida-nocturna\/","og_locale":"es_ES","og_type":"article","og_title":"Zonas de Valencia para la Vida Nocturna &#8226; Nest Hostels Valencia","og_description":"Valencia for night life","og_url":"https:\/\/nesthostelsvalencia.com\/es\/zonas-de-valencia-para-la-vida-nocturna\/","og_site_name":"Nest Hostels Valencia","article_published_time":"2013-08-27T06:08:11+00:00","article_modified_time":"2023-12-26T12:03:34+00:00","og_image":[{"width":942,"height":360,"url":"https:\/\/nesthostelsvalencia.com\/wp-content\/uploads\/2013\/08\/1138211763_vidanocturna.jpg","type":"image\/jpeg"}],"author":"Feet Up","twitter_card":"summary_large_image","twitter_misc":{"Escrito por":"Feet Up","Tiempo de lectura":"2 minutes"},"schema":{"@context":"https:\/\/schema.org","@graph":[{"@type":"Article","@id":"https:\/\/nesthostelsvalencia.com\/es\/zonas-de-valencia-para-la-vida-nocturna\/#article","isPartOf":{"@id":"https:\/\/nesthostelsvalencia.com\/es\/zonas-de-valencia-para-la-vida-nocturna\/"},"author":{"name":"Feet Up","@id":"https:\/\/nesthostelsvalencia.com\/es\/#\/schema\/person\/2c4f510f8a0f6934f56d4bbd7df56131"},"headline":"Zonas de Valencia para la Vida Nocturna","datePublished":"2013-08-27T06:08:11+00:00","dateModified":"2023-12-26T12:03:34+00:00","mainEntityOfPage":{"@id":"https:\/\/nesthostelsvalencia.com\/es\/zonas-de-valencia-para-la-vida-nocturna\/"},"wordCount":300,"commentCount":0,"publisher":{"@id":"https:\/\/nesthostelsvalencia.com\/es\/#organization"},"image":{"@id":"https:\/\/nesthostelsvalencia.com\/es\/zonas-de-valencia-para-la-vida-nocturna\/#primaryimage"},"thumbnailUrl":"https:\/\/nesthostelsvalencia.com\/wp-content\/uploads\/2013\/08\/1138211763_vidanocturna.jpg","articleSection":["Erasmus","Festivales","Tips de viaje"],"inLanguage":"es-ES","potentialAction":[{"@type":"CommentAction","name":"Comment","target":["https:\/\/nesthostelsvalencia.com\/es\/zonas-de-valencia-para-la-vida-nocturna\/#respond"]}]},{"@type":"WebPage","@id":"https:\/\/nesthostelsvalencia.com\/es\/zonas-de-valencia-para-la-vida-nocturna\/","url":"https:\/\/nesthostelsvalencia.com\/es\/zonas-de-valencia-para-la-vida-nocturna\/","name":"Zonas de Valencia para la Vida Nocturna &#8226; Nest Hostels Valencia","isPartOf":{"@id":"https:\/\/nesthostelsvalencia.com\/es\/#website"},"primaryImageOfPage":{"@id":"https:\/\/nesthostelsvalencia.com\/es\/zonas-de-valencia-para-la-vida-nocturna\/#primaryimage"},"image":{"@id":"https:\/\/nesthostelsvalencia.com\/es\/zonas-de-valencia-para-la-vida-nocturna\/#primaryimage"},"thumbnailUrl":"https:\/\/nesthostelsvalencia.com\/wp-content\/uploads\/2013\/08\/1138211763_vidanocturna.jpg","datePublished":"2013-08-27T06:08:11+00:00","dateModified":"2023-12-26T12:03:34+00:00","description":"Zonas de Valencia para la Vida Nocturna","breadcrumb":{"@id":"https:\/\/nesthostelsvalencia.com\/es\/zonas-de-valencia-para-la-vida-nocturna\/#breadcrumb"},"inLanguage":"es-ES","potentialAction":[{"@type":"ReadAction","target":["https:\/\/nesthostelsvalencia.com\/es\/zonas-de-valencia-para-la-vida-nocturna\/"]}]},{"@type":"ImageObject","inLanguage":"es-ES","@id":"https:\/\/nesthostelsvalencia.com\/es\/zonas-de-valencia-para-la-vida-nocturna\/#primaryimage","url":"https:\/\/nesthostelsvalencia.com\/wp-content\/uploads\/2013\/08\/1138211763_vidanocturna.jpg","contentUrl":"https:\/\/nesthostelsvalencia.com\/wp-content\/uploads\/2013\/08\/1138211763_vidanocturna.jpg","width":942,"height":360,"caption":"Night Life Valencia"},{"@type":"BreadcrumbList","@id":"https:\/\/nesthostelsvalencia.com\/es\/zonas-de-valencia-para-la-vida-nocturna\/#breadcrumb","itemListElement":[{"@type":"ListItem","position":1,"name":"Home","item":"https:\/\/nesthostelsvalencia.com\/es\/"},{"@type":"ListItem","position":2,"name":"Zonas de Valencia para la Vida Nocturna"}]},{"@type":"WebSite","@id":"https:\/\/nesthostelsvalencia.com\/es\/#website","url":"https:\/\/nesthostelsvalencia.com\/es\/","name":"Nest Hostels Valencia","description":"News, events and tourist info about Valencia","publisher":{"@id":"https:\/\/nesthostelsvalencia.com\/es\/#organization"},"alternateName":"Nest Hostels Valencia","potentialAction":[{"@type":"SearchAction","target":{"@type":"EntryPoint","urlTemplate":"https:\/\/nesthostelsvalencia.com\/es\/?s={search_term_string}"},"query-input":{"@type":"PropertyValueSpecification","valueRequired":true,"valueName":"search_term_string"}}],"inLanguage":"es-ES"},{"@type":"Organization","@id":"https:\/\/nesthostelsvalencia.com\/es\/#organization","name":"Nest Hostels Valencia","alternateName":"Youth hostels and beds for travelers in Valencia","url":"https:\/\/nesthostelsvalencia.com\/es\/","logo":{"@type":"ImageObject","inLanguage":"es-ES","@id":"https:\/\/nesthostelsvalencia.com\/es\/#\/schema\/logo\/image\/","url":"https:\/\/nesthostelsvalencia.com\/wp-content\/uploads\/2022\/01\/logo-nesthostels-valencia-feetuphostels.svg","contentUrl":"https:\/\/nesthostelsvalencia.com\/wp-content\/uploads\/2022\/01\/logo-nesthostels-valencia-feetuphostels.svg","width":279,"height":130,"caption":"Nest Hostels Valencia"},"image":{"@id":"https:\/\/nesthostelsvalencia.com\/es\/#\/schema\/logo\/image\/"}},{"@type":"Person","@id":"https:\/\/nesthostelsvalencia.com\/es\/#\/schema\/person\/2c4f510f8a0f6934f56d4bbd7df56131","name":"Feet Up","image":{"@type":"ImageObject","inLanguage":"es-ES","@id":"https:\/\/nesthostelsvalencia.com\/wp-content\/litespeed\/avatar\/1d4f2e63f111df6736bfebac4435f67f.jpg?ver=1776844101","url":"https:\/\/nesthostelsvalencia.com\/wp-content\/litespeed\/avatar\/1d4f2e63f111df6736bfebac4435f67f.jpg?ver=1776844101","contentUrl":"https:\/\/nesthostelsvalencia.com\/wp-content\/litespeed\/avatar\/1d4f2e63f111df6736bfebac4435f67f.jpg?ver=1776844101","caption":"Feet Up"},"sameAs":["https:\/\/feetupgroup.com\/"],"url":"https:\/\/nesthostelsvalencia.com\/es\/author\/feet-up\/"}]}},"_links":{"self":[{"href":"https:\/\/nesthostelsvalencia.com\/es\/wp-json\/wp\/v2\/posts\/13935","targetHints":{"allow":["GET"]}}],"collection":[{"href":"https:\/\/nesthostelsvalencia.com\/es\/wp-json\/wp\/v2\/posts"}],"about":[{"href":"https:\/\/nesthostelsvalencia.com\/es\/wp-json\/wp\/v2\/types\/post"}],"author":[{"embeddable":true,"href":"https:\/\/nesthostelsvalencia.com\/es\/wp-json\/wp\/v2\/users\/21"}],"replies":[{"embeddable":true,"href":"https:\/\/nesthostelsvalencia.com\/es\/wp-json\/wp\/v2\/comments?post=13935"}],"version-history":[{"count":0,"href":"https:\/\/nesthostelsvalencia.com\/es\/wp-json\/wp\/v2\/posts\/13935\/revisions"}],"wp:featuredmedia":[{"embeddable":true,"href":"https:\/\/nesthostelsvalencia.com\/es\/wp-json\/wp\/v2\/media\/4486"}],"wp:attachment":[{"href":"https:\/\/nesthostelsvalencia.com\/es\/wp-json\/wp\/v2\/media?parent=13935"}],"wp:term":[{"taxonomy":"category","embeddable":true,"href":"https:\/\/nesthostelsvalencia.com\/es\/wp-json\/wp\/v2\/categories?post=13935"},{"taxonomy":"post_tag","embeddable":true,"href":"https:\/\/nesthostelsvalencia.com\/es\/wp-json\/wp\/v2\/tags?post=13935"}],"curies":[{"name":"wp","href":"https:\/\/api.w.org\/{rel}","templated":true}]}}