{"id":13981,"date":"2013-08-16T08:00:12","date_gmt":"2013-08-16T06:00:12","guid":{"rendered":"https:\/\/nesthostelsvalencia.com\/tomatina-2\/"},"modified":"2023-12-26T13:03:40","modified_gmt":"2023-12-26T12:03:40","slug":"tomatina-2","status":"publish","type":"post","link":"https:\/\/nesthostelsvalencia.com\/es\/tomatina-2\/","title":{"rendered":"Tomatina"},"content":{"rendered":"<p style=\"text-align: left;\">Exactamente a las once en punto explot\u00f3 un cohete y todos vitorearon, pero \u00bfd\u00f3nde estaban los tomates? Esperamos cinco minutos y luego diez, mientras miradas confusas y preocupadas empezaban a formarse en los rostros de la multitud. (Daily Mail)<\/p>\n<p><a href=\"http:\/\/www.nesthostelsvalencia.com\/wp-content\/uploads\/2013\/08\/AS107_Spain_Tomatina_Food_Fight.jpg\"><img fetchpriority=\"high\" decoding=\"async\" class=\"size-full wp-image-491 aligncenter\" src=\"http:\/\/www.nesthostelsvalencia.com\/wp-content\/uploads\/2013\/08\/AS107_Spain_Tomatina_Food_Fight.jpg\" alt=\"AS107_Spain_Tomatina_Food_Fight\" width=\"620\" height=\"350\" srcset=\"https:\/\/nesthostelsvalencia.com\/wp-content\/uploads\/2013\/08\/AS107_Spain_Tomatina_Food_Fight.jpg 620w, https:\/\/nesthostelsvalencia.com\/wp-content\/uploads\/2013\/08\/AS107_Spain_Tomatina_Food_Fight-300x169.jpg 300w, https:\/\/nesthostelsvalencia.com\/wp-content\/uploads\/2013\/08\/AS107_Spain_Tomatina_Food_Fight-260x146.jpg 260w, https:\/\/nesthostelsvalencia.com\/wp-content\/uploads\/2013\/08\/AS107_Spain_Tomatina_Food_Fight-50x28.jpg 50w, https:\/\/nesthostelsvalencia.com\/wp-content\/uploads\/2013\/08\/AS107_Spain_Tomatina_Food_Fight-190x107.jpg 190w, https:\/\/nesthostelsvalencia.com\/wp-content\/uploads\/2013\/08\/AS107_Spain_Tomatina_Food_Fight-159x90.jpg 159w\" sizes=\"(max-width: 620px) 100vw, 620px\" \/><\/a><\/p>\n<p>Fiesta de la Tomatina en el pueblo de Bu\u00f1ol, cerca de Valencia, Espa\u00f1a. Las autoridades estimaron que m\u00e1s de 40.000 personas, algunas de lugares tan lejanos como Jap\u00f3n y Australia, tomaron las armas con 100 toneladas de tomates en la lucha anual por la comida. (The Telegraph)<\/p>\n<p style=\"text-align: center;\"><a href=\"http:\/\/www.nesthostelsvalencia.com\/wp-content\/uploads\/2013\/08\/la-tomatina-food-fight.jpg\"><img decoding=\"async\" class=\"alignnone size-full wp-image-492\" src=\"http:\/\/www.nesthostelsvalencia.com\/wp-content\/uploads\/2013\/08\/la-tomatina-food-fight.jpg\" alt=\"la-tomatina-food-fight\" width=\"468\" height=\"353\" srcset=\"https:\/\/nesthostelsvalencia.com\/wp-content\/uploads\/2013\/08\/la-tomatina-food-fight.jpg 468w, https:\/\/nesthostelsvalencia.com\/wp-content\/uploads\/2013\/08\/la-tomatina-food-fight-300x226.jpg 300w, https:\/\/nesthostelsvalencia.com\/wp-content\/uploads\/2013\/08\/la-tomatina-food-fight-193x146.jpg 193w, https:\/\/nesthostelsvalencia.com\/wp-content\/uploads\/2013\/08\/la-tomatina-food-fight-50x37.jpg 50w, https:\/\/nesthostelsvalencia.com\/wp-content\/uploads\/2013\/08\/la-tomatina-food-fight-145x110.jpg 145w, https:\/\/nesthostelsvalencia.com\/wp-content\/uploads\/2013\/08\/la-tomatina-food-fight-119x90.jpg 119w\" sizes=\"(max-width: 468px) 100vw, 468px\" \/><\/a><\/p>\n<p style=\"text-align: center;\">Ser arrojado con tomates puede sonar como un castigo reservado para los p\u00edcaros medievales en las existencias, pero todo es en nombre de la diversi\u00f3n en La Tomatina. Durante una ma\u00f1ana al a\u00f1o, el peque\u00f1o pueblo de Bu\u00f1ol en el este de Espa\u00f1a se disuelve en la pelea de tomates m\u00e1s grande del mundo. (Lonely Planet)<\/p>\n\n\n<p><\/p>\n","protected":false},"excerpt":{"rendered":"<p>Exactamente a las once en punto explot\u00f3 un cohete y todos vitorearon, pero \u00bfd\u00f3nde estaban los tomates? Esperamos cinco minutos y luego diez, mientras miradas confusas y preocupadas empezaban a formarse en los rostros de la multitud. (Daily Mail) Fiesta de la Tomatina en el pueblo de Bu\u00f1ol, cerca de Valencia, Espa\u00f1a. Las autoridades estimaron [&hellip;]<\/p>\n","protected":false},"author":21,"featured_media":4405,"comment_status":"open","ping_status":"open","sticky":false,"template":"","format":"standard","meta":{"footnotes":""},"categories":[116,117,131],"tags":[],"class_list":["post-13981","post","type-post","status-publish","format-standard","has-post-thumbnail","hentry","category-erasmus","category-festivales","category-tips-viaje"],"yoast_head":"<!-- This site is optimized with the Yoast SEO plugin v27.5 - https:\/\/yoast.com\/product\/yoast-seo-wordpress\/ -->\n<title>Tomatina<\/title>\n<meta name=\"description\" content=\"Tomatina\" \/>\n<meta name=\"robots\" content=\"index, follow, max-snippet:-1, max-image-preview:large, max-video-preview:-1\" \/>\n<link rel=\"canonical\" href=\"https:\/\/nesthostelsvalencia.com\/es\/tomatina-2\/\" \/>\n<meta property=\"og:locale\" content=\"es_ES\" \/>\n<meta property=\"og:type\" content=\"article\" \/>\n<meta property=\"og:title\" content=\"Tomatina\" \/>\n<meta property=\"og:description\" content=\"Tomatina 2013 offer\" \/>\n<meta property=\"og:url\" content=\"https:\/\/nesthostelsvalencia.com\/es\/tomatina-2\/\" \/>\n<meta property=\"og:site_name\" content=\"Nest Hostels Valencia\" \/>\n<meta property=\"article:published_time\" content=\"2013-08-16T06:00:12+00:00\" \/>\n<meta property=\"article:modified_time\" content=\"2023-12-26T12:03:40+00:00\" \/>\n<meta property=\"og:image\" content=\"https:\/\/nesthostelsvalencia.com\/wp-content\/uploads\/2013\/08\/Lluvia-participantes-celebracion-Tomatina-EFE_RTVIMA20120829_0081_17.jpg\" \/>\n\t<meta property=\"og:image:width\" content=\"947\" \/>\n\t<meta property=\"og:image:height\" content=\"525\" \/>\n\t<meta property=\"og:image:type\" content=\"image\/jpeg\" \/>\n<meta name=\"author\" content=\"Feet Up\" \/>\n<meta name=\"twitter:card\" content=\"summary_large_image\" \/>\n<meta name=\"twitter:label1\" content=\"Escrito por\" \/>\n\t<meta name=\"twitter:data1\" content=\"Feet Up\" \/>\n\t<meta name=\"twitter:label2\" content=\"Tiempo de lectura\" \/>\n\t<meta name=\"twitter:data2\" content=\"2 minutes\" \/>\n<script type=\"application\/ld+json\" class=\"yoast-schema-graph\">{\"@context\":\"https:\\\/\\\/schema.org\",\"@graph\":[{\"@type\":\"Article\",\"@id\":\"https:\\\/\\\/nesthostelsvalencia.com\\\/es\\\/tomatina-2\\\/#article\",\"isPartOf\":{\"@id\":\"https:\\\/\\\/nesthostelsvalencia.com\\\/es\\\/tomatina-2\\\/\"},\"author\":{\"name\":\"Feet Up\",\"@id\":\"https:\\\/\\\/nesthostelsvalencia.com\\\/es\\\/#\\\/schema\\\/person\\\/2c4f510f8a0f6934f56d4bbd7df56131\"},\"headline\":\"Tomatina\",\"datePublished\":\"2013-08-16T06:00:12+00:00\",\"dateModified\":\"2023-12-26T12:03:40+00:00\",\"mainEntityOfPage\":{\"@id\":\"https:\\\/\\\/nesthostelsvalencia.com\\\/es\\\/tomatina-2\\\/\"},\"wordCount\":154,\"commentCount\":0,\"publisher\":{\"@id\":\"https:\\\/\\\/nesthostelsvalencia.com\\\/es\\\/#organization\"},\"image\":{\"@id\":\"https:\\\/\\\/nesthostelsvalencia.com\\\/es\\\/tomatina-2\\\/#primaryimage\"},\"thumbnailUrl\":\"https:\\\/\\\/nesthostelsvalencia.com\\\/wp-content\\\/uploads\\\/2013\\\/08\\\/Lluvia-participantes-celebracion-Tomatina-EFE_RTVIMA20120829_0081_17.jpg\",\"articleSection\":[\"Erasmus\",\"Festivales\",\"Tips de viaje\"],\"inLanguage\":\"es-ES\",\"potentialAction\":[{\"@type\":\"CommentAction\",\"name\":\"Comment\",\"target\":[\"https:\\\/\\\/nesthostelsvalencia.com\\\/es\\\/tomatina-2\\\/#respond\"]}]},{\"@type\":\"WebPage\",\"@id\":\"https:\\\/\\\/nesthostelsvalencia.com\\\/es\\\/tomatina-2\\\/\",\"url\":\"https:\\\/\\\/nesthostelsvalencia.com\\\/es\\\/tomatina-2\\\/\",\"name\":\"Tomatina\",\"isPartOf\":{\"@id\":\"https:\\\/\\\/nesthostelsvalencia.com\\\/es\\\/#website\"},\"primaryImageOfPage\":{\"@id\":\"https:\\\/\\\/nesthostelsvalencia.com\\\/es\\\/tomatina-2\\\/#primaryimage\"},\"image\":{\"@id\":\"https:\\\/\\\/nesthostelsvalencia.com\\\/es\\\/tomatina-2\\\/#primaryimage\"},\"thumbnailUrl\":\"https:\\\/\\\/nesthostelsvalencia.com\\\/wp-content\\\/uploads\\\/2013\\\/08\\\/Lluvia-participantes-celebracion-Tomatina-EFE_RTVIMA20120829_0081_17.jpg\",\"datePublished\":\"2013-08-16T06:00:12+00:00\",\"dateModified\":\"2023-12-26T12:03:40+00:00\",\"description\":\"Tomatina\",\"breadcrumb\":{\"@id\":\"https:\\\/\\\/nesthostelsvalencia.com\\\/es\\\/tomatina-2\\\/#breadcrumb\"},\"inLanguage\":\"es-ES\",\"potentialAction\":[{\"@type\":\"ReadAction\",\"target\":[\"https:\\\/\\\/nesthostelsvalencia.com\\\/es\\\/tomatina-2\\\/\"]}]},{\"@type\":\"ImageObject\",\"inLanguage\":\"es-ES\",\"@id\":\"https:\\\/\\\/nesthostelsvalencia.com\\\/es\\\/tomatina-2\\\/#primaryimage\",\"url\":\"https:\\\/\\\/nesthostelsvalencia.com\\\/wp-content\\\/uploads\\\/2013\\\/08\\\/Lluvia-participantes-celebracion-Tomatina-EFE_RTVIMA20120829_0081_17.jpg\",\"contentUrl\":\"https:\\\/\\\/nesthostelsvalencia.com\\\/wp-content\\\/uploads\\\/2013\\\/08\\\/Lluvia-participantes-celebracion-Tomatina-EFE_RTVIMA20120829_0081_17.jpg\",\"width\":947,\"height\":525,\"caption\":\"Tomatina\"},{\"@type\":\"BreadcrumbList\",\"@id\":\"https:\\\/\\\/nesthostelsvalencia.com\\\/es\\\/tomatina-2\\\/#breadcrumb\",\"itemListElement\":[{\"@type\":\"ListItem\",\"position\":1,\"name\":\"Home\",\"item\":\"https:\\\/\\\/nesthostelsvalencia.com\\\/es\\\/\"},{\"@type\":\"ListItem\",\"position\":2,\"name\":\"Tomatina\"}]},{\"@type\":\"WebSite\",\"@id\":\"https:\\\/\\\/nesthostelsvalencia.com\\\/es\\\/#website\",\"url\":\"https:\\\/\\\/nesthostelsvalencia.com\\\/es\\\/\",\"name\":\"Nest Hostels Valencia\",\"description\":\"News, events and tourist info about Valencia\",\"publisher\":{\"@id\":\"https:\\\/\\\/nesthostelsvalencia.com\\\/es\\\/#organization\"},\"alternateName\":\"Nest Hostels Valencia\",\"potentialAction\":[{\"@type\":\"SearchAction\",\"target\":{\"@type\":\"EntryPoint\",\"urlTemplate\":\"https:\\\/\\\/nesthostelsvalencia.com\\\/es\\\/?s={search_term_string}\"},\"query-input\":{\"@type\":\"PropertyValueSpecification\",\"valueRequired\":true,\"valueName\":\"search_term_string\"}}],\"inLanguage\":\"es-ES\"},{\"@type\":\"Organization\",\"@id\":\"https:\\\/\\\/nesthostelsvalencia.com\\\/es\\\/#organization\",\"name\":\"Nest Hostels Valencia\",\"alternateName\":\"Youth hostels and beds for travelers in Valencia\",\"url\":\"https:\\\/\\\/nesthostelsvalencia.com\\\/es\\\/\",\"logo\":{\"@type\":\"ImageObject\",\"inLanguage\":\"es-ES\",\"@id\":\"https:\\\/\\\/nesthostelsvalencia.com\\\/es\\\/#\\\/schema\\\/logo\\\/image\\\/\",\"url\":\"https:\\\/\\\/nesthostelsvalencia.com\\\/wp-content\\\/uploads\\\/2022\\\/01\\\/logo-nesthostels-valencia-feetuphostels.svg\",\"contentUrl\":\"https:\\\/\\\/nesthostelsvalencia.com\\\/wp-content\\\/uploads\\\/2022\\\/01\\\/logo-nesthostels-valencia-feetuphostels.svg\",\"width\":279,\"height\":130,\"caption\":\"Nest Hostels Valencia\"},\"image\":{\"@id\":\"https:\\\/\\\/nesthostelsvalencia.com\\\/es\\\/#\\\/schema\\\/logo\\\/image\\\/\"}},{\"@type\":\"Person\",\"@id\":\"https:\\\/\\\/nesthostelsvalencia.com\\\/es\\\/#\\\/schema\\\/person\\\/2c4f510f8a0f6934f56d4bbd7df56131\",\"name\":\"Feet Up\",\"image\":{\"@type\":\"ImageObject\",\"inLanguage\":\"es-ES\",\"@id\":\"https:\\\/\\\/nesthostelsvalencia.com\\\/wp-content\\\/litespeed\\\/avatar\\\/1d4f2e63f111df6736bfebac4435f67f.jpg?ver=1777448904\",\"url\":\"https:\\\/\\\/nesthostelsvalencia.com\\\/wp-content\\\/litespeed\\\/avatar\\\/1d4f2e63f111df6736bfebac4435f67f.jpg?ver=1777448904\",\"contentUrl\":\"https:\\\/\\\/nesthostelsvalencia.com\\\/wp-content\\\/litespeed\\\/avatar\\\/1d4f2e63f111df6736bfebac4435f67f.jpg?ver=1777448904\",\"caption\":\"Feet Up\"},\"sameAs\":[\"https:\\\/\\\/feetupgroup.com\\\/\"],\"url\":\"https:\\\/\\\/nesthostelsvalencia.com\\\/es\\\/author\\\/feet-up\\\/\"}]}<\/script>\n<!-- \/ Yoast SEO plugin. -->","yoast_head_json":{"title":"Tomatina","description":"Tomatina","robots":{"index":"index","follow":"follow","max-snippet":"max-snippet:-1","max-image-preview":"max-image-preview:large","max-video-preview":"max-video-preview:-1"},"canonical":"https:\/\/nesthostelsvalencia.com\/es\/tomatina-2\/","og_locale":"es_ES","og_type":"article","og_title":"Tomatina","og_description":"Tomatina 2013 offer","og_url":"https:\/\/nesthostelsvalencia.com\/es\/tomatina-2\/","og_site_name":"Nest Hostels Valencia","article_published_time":"2013-08-16T06:00:12+00:00","article_modified_time":"2023-12-26T12:03:40+00:00","og_image":[{"width":947,"height":525,"url":"https:\/\/nesthostelsvalencia.com\/wp-content\/uploads\/2013\/08\/Lluvia-participantes-celebracion-Tomatina-EFE_RTVIMA20120829_0081_17.jpg","type":"image\/jpeg"}],"author":"Feet Up","twitter_card":"summary_large_image","twitter_misc":{"Escrito por":"Feet Up","Tiempo de lectura":"2 minutes"},"schema":{"@context":"https:\/\/schema.org","@graph":[{"@type":"Article","@id":"https:\/\/nesthostelsvalencia.com\/es\/tomatina-2\/#article","isPartOf":{"@id":"https:\/\/nesthostelsvalencia.com\/es\/tomatina-2\/"},"author":{"name":"Feet Up","@id":"https:\/\/nesthostelsvalencia.com\/es\/#\/schema\/person\/2c4f510f8a0f6934f56d4bbd7df56131"},"headline":"Tomatina","datePublished":"2013-08-16T06:00:12+00:00","dateModified":"2023-12-26T12:03:40+00:00","mainEntityOfPage":{"@id":"https:\/\/nesthostelsvalencia.com\/es\/tomatina-2\/"},"wordCount":154,"commentCount":0,"publisher":{"@id":"https:\/\/nesthostelsvalencia.com\/es\/#organization"},"image":{"@id":"https:\/\/nesthostelsvalencia.com\/es\/tomatina-2\/#primaryimage"},"thumbnailUrl":"https:\/\/nesthostelsvalencia.com\/wp-content\/uploads\/2013\/08\/Lluvia-participantes-celebracion-Tomatina-EFE_RTVIMA20120829_0081_17.jpg","articleSection":["Erasmus","Festivales","Tips de viaje"],"inLanguage":"es-ES","potentialAction":[{"@type":"CommentAction","name":"Comment","target":["https:\/\/nesthostelsvalencia.com\/es\/tomatina-2\/#respond"]}]},{"@type":"WebPage","@id":"https:\/\/nesthostelsvalencia.com\/es\/tomatina-2\/","url":"https:\/\/nesthostelsvalencia.com\/es\/tomatina-2\/","name":"Tomatina","isPartOf":{"@id":"https:\/\/nesthostelsvalencia.com\/es\/#website"},"primaryImageOfPage":{"@id":"https:\/\/nesthostelsvalencia.com\/es\/tomatina-2\/#primaryimage"},"image":{"@id":"https:\/\/nesthostelsvalencia.com\/es\/tomatina-2\/#primaryimage"},"thumbnailUrl":"https:\/\/nesthostelsvalencia.com\/wp-content\/uploads\/2013\/08\/Lluvia-participantes-celebracion-Tomatina-EFE_RTVIMA20120829_0081_17.jpg","datePublished":"2013-08-16T06:00:12+00:00","dateModified":"2023-12-26T12:03:40+00:00","description":"Tomatina","breadcrumb":{"@id":"https:\/\/nesthostelsvalencia.com\/es\/tomatina-2\/#breadcrumb"},"inLanguage":"es-ES","potentialAction":[{"@type":"ReadAction","target":["https:\/\/nesthostelsvalencia.com\/es\/tomatina-2\/"]}]},{"@type":"ImageObject","inLanguage":"es-ES","@id":"https:\/\/nesthostelsvalencia.com\/es\/tomatina-2\/#primaryimage","url":"https:\/\/nesthostelsvalencia.com\/wp-content\/uploads\/2013\/08\/Lluvia-participantes-celebracion-Tomatina-EFE_RTVIMA20120829_0081_17.jpg","contentUrl":"https:\/\/nesthostelsvalencia.com\/wp-content\/uploads\/2013\/08\/Lluvia-participantes-celebracion-Tomatina-EFE_RTVIMA20120829_0081_17.jpg","width":947,"height":525,"caption":"Tomatina"},{"@type":"BreadcrumbList","@id":"https:\/\/nesthostelsvalencia.com\/es\/tomatina-2\/#breadcrumb","itemListElement":[{"@type":"ListItem","position":1,"name":"Home","item":"https:\/\/nesthostelsvalencia.com\/es\/"},{"@type":"ListItem","position":2,"name":"Tomatina"}]},{"@type":"WebSite","@id":"https:\/\/nesthostelsvalencia.com\/es\/#website","url":"https:\/\/nesthostelsvalencia.com\/es\/","name":"Nest Hostels Valencia","description":"News, events and tourist info about Valencia","publisher":{"@id":"https:\/\/nesthostelsvalencia.com\/es\/#organization"},"alternateName":"Nest Hostels Valencia","potentialAction":[{"@type":"SearchAction","target":{"@type":"EntryPoint","urlTemplate":"https:\/\/nesthostelsvalencia.com\/es\/?s={search_term_string}"},"query-input":{"@type":"PropertyValueSpecification","valueRequired":true,"valueName":"search_term_string"}}],"inLanguage":"es-ES"},{"@type":"Organization","@id":"https:\/\/nesthostelsvalencia.com\/es\/#organization","name":"Nest Hostels Valencia","alternateName":"Youth hostels and beds for travelers in Valencia","url":"https:\/\/nesthostelsvalencia.com\/es\/","logo":{"@type":"ImageObject","inLanguage":"es-ES","@id":"https:\/\/nesthostelsvalencia.com\/es\/#\/schema\/logo\/image\/","url":"https:\/\/nesthostelsvalencia.com\/wp-content\/uploads\/2022\/01\/logo-nesthostels-valencia-feetuphostels.svg","contentUrl":"https:\/\/nesthostelsvalencia.com\/wp-content\/uploads\/2022\/01\/logo-nesthostels-valencia-feetuphostels.svg","width":279,"height":130,"caption":"Nest Hostels Valencia"},"image":{"@id":"https:\/\/nesthostelsvalencia.com\/es\/#\/schema\/logo\/image\/"}},{"@type":"Person","@id":"https:\/\/nesthostelsvalencia.com\/es\/#\/schema\/person\/2c4f510f8a0f6934f56d4bbd7df56131","name":"Feet Up","image":{"@type":"ImageObject","inLanguage":"es-ES","@id":"https:\/\/nesthostelsvalencia.com\/wp-content\/litespeed\/avatar\/1d4f2e63f111df6736bfebac4435f67f.jpg?ver=1777448904","url":"https:\/\/nesthostelsvalencia.com\/wp-content\/litespeed\/avatar\/1d4f2e63f111df6736bfebac4435f67f.jpg?ver=1777448904","contentUrl":"https:\/\/nesthostelsvalencia.com\/wp-content\/litespeed\/avatar\/1d4f2e63f111df6736bfebac4435f67f.jpg?ver=1777448904","caption":"Feet Up"},"sameAs":["https:\/\/feetupgroup.com\/"],"url":"https:\/\/nesthostelsvalencia.com\/es\/author\/feet-up\/"}]}},"_links":{"self":[{"href":"https:\/\/nesthostelsvalencia.com\/es\/wp-json\/wp\/v2\/posts\/13981","targetHints":{"allow":["GET"]}}],"collection":[{"href":"https:\/\/nesthostelsvalencia.com\/es\/wp-json\/wp\/v2\/posts"}],"about":[{"href":"https:\/\/nesthostelsvalencia.com\/es\/wp-json\/wp\/v2\/types\/post"}],"author":[{"embeddable":true,"href":"https:\/\/nesthostelsvalencia.com\/es\/wp-json\/wp\/v2\/users\/21"}],"replies":[{"embeddable":true,"href":"https:\/\/nesthostelsvalencia.com\/es\/wp-json\/wp\/v2\/comments?post=13981"}],"version-history":[{"count":0,"href":"https:\/\/nesthostelsvalencia.com\/es\/wp-json\/wp\/v2\/posts\/13981\/revisions"}],"wp:featuredmedia":[{"embeddable":true,"href":"https:\/\/nesthostelsvalencia.com\/es\/wp-json\/wp\/v2\/media\/4405"}],"wp:attachment":[{"href":"https:\/\/nesthostelsvalencia.com\/es\/wp-json\/wp\/v2\/media?parent=13981"}],"wp:term":[{"taxonomy":"category","embeddable":true,"href":"https:\/\/nesthostelsvalencia.com\/es\/wp-json\/wp\/v2\/categories?post=13981"},{"taxonomy":"post_tag","embeddable":true,"href":"https:\/\/nesthostelsvalencia.com\/es\/wp-json\/wp\/v2\/tags?post=13981"}],"curies":[{"name":"wp","href":"https:\/\/api.w.org\/{rel}","templated":true}]}}