{"id":14132,"date":"2013-06-27T11:05:39","date_gmt":"2013-06-27T09:05:39","guid":{"rendered":"https:\/\/nesthostelsvalencia.com\/one-day-journey-isla-de-tabarca\/"},"modified":"2023-12-26T13:04:06","modified_gmt":"2023-12-26T12:04:06","slug":"viaje-de-un-dia-isla-de-tabarca","status":"publish","type":"post","link":"https:\/\/nesthostelsvalencia.com\/es\/viaje-de-un-dia-isla-de-tabarca\/","title":{"rendered":"Viaje de Un D\u00eda: Isla de Tabarca"},"content":{"rendered":"\n<p class=\"has-text-align-left\">Tabarca, tambi\u00e9n conocida en Valencia como Nova Tabarca e Illa Plana, y en espa\u00f1ol como Nueva Tabarca e Isla Plana, es un islote situado en el mar Mediterr\u00e1neo, cerca de la localidad de Santa Pola, en la provincia de Alicante, Comunidad Valenciana, Espa\u00f1a . Tabarca es el islote habitado permanentemente m\u00e1s peque\u00f1o de Espa\u00f1a y actualmente es conocido por su reserva marina.<\/p>\n\n\n\n<figure class=\"wp-block-image\"><a href=\"http:\/\/www.nesthostelsvalencia.com\/wp-content\/uploads\/2013\/06\/playas-tabarca.jpg\"><img fetchpriority=\"high\" decoding=\"async\" width=\"800\" height=\"227\" src=\"http:\/\/www.nesthostelsvalencia.com\/wp-content\/uploads\/2013\/06\/playas-tabarca.jpg\" alt=\"playas-tabarca\" class=\"wp-image-230\" srcset=\"https:\/\/nesthostelsvalencia.com\/wp-content\/uploads\/2013\/06\/playas-tabarca.jpg 800w, https:\/\/nesthostelsvalencia.com\/wp-content\/uploads\/2013\/06\/playas-tabarca-300x85.jpg 300w, https:\/\/nesthostelsvalencia.com\/wp-content\/uploads\/2013\/06\/playas-tabarca-260x73.jpg 260w, https:\/\/nesthostelsvalencia.com\/wp-content\/uploads\/2013\/06\/playas-tabarca-50x14.jpg 50w, https:\/\/nesthostelsvalencia.com\/wp-content\/uploads\/2013\/06\/playas-tabarca-190x53.jpg 190w\" sizes=\"(max-width: 800px) 100vw, 800px\" \/><\/a><\/figure>\n\n\n\n<p class=\"has-text-align-center\"><\/p>\n\n\n\n<p class=\"has-text-align-left\">Tabarca es una reserva marina protegida denominada Reserva marina de la Isla de Tabarca, declarada Zona de Especial Protecci\u00f3n para las Aves por la UE, con una variada fauna marina (lubina, mero, congrio, dorada, etc.). Est\u00e1 rodeada de aguas muy claras y no contaminadas. La isla est\u00e1 formada por materiales de origen volc\u00e1nico sobre los que se han asentado dep\u00f3sitos calc\u00e1reos y cuaternarios.<\/p>\n\n\n\n<figure class=\"wp-block-image\"><a href=\"http:\/\/www.nesthostelsvalencia.com\/wp-content\/uploads\/2013\/06\/isla-de-tabarca-1629261.jpg\"><img decoding=\"async\" width=\"990\" height=\"410\" src=\"http:\/\/www.nesthostelsvalencia.com\/wp-content\/uploads\/2013\/06\/isla-de-tabarca-1629261.jpg\" alt=\"isla-de-tabarca-1629261\" class=\"wp-image-231\" srcset=\"https:\/\/nesthostelsvalencia.com\/wp-content\/uploads\/2013\/06\/isla-de-tabarca-1629261.jpg 990w, https:\/\/nesthostelsvalencia.com\/wp-content\/uploads\/2013\/06\/isla-de-tabarca-1629261-300x124.jpg 300w, https:\/\/nesthostelsvalencia.com\/wp-content\/uploads\/2013\/06\/isla-de-tabarca-1629261-260x107.jpg 260w, https:\/\/nesthostelsvalencia.com\/wp-content\/uploads\/2013\/06\/isla-de-tabarca-1629261-50x20.jpg 50w, https:\/\/nesthostelsvalencia.com\/wp-content\/uploads\/2013\/06\/isla-de-tabarca-1629261-190x78.jpg 190w\" sizes=\"(max-width: 990px) 100vw, 990px\" \/><\/a><\/figure>\n\n\n\n<p>Tabarca fue el \u00faltimo lugar del Mediterr\u00e1neo espa\u00f1ol donde la foca monje del Mediterr\u00e1neo, en peligro cr\u00edtico de extinci\u00f3n, se reprodujo con \u00e9xito antes de que se extinguiera en esta parte de su \u00e1rea de distribuci\u00f3n en la d\u00e9cada de 1960. Esto demuestra la alta calidad de las aguas alrededor de la isla en t\u00e9rminos de ecolog\u00eda marina. Por ello, las aguas del entorno de Tabarca fueron declaradas Reserva Marina en 1986, la primera de estas caracter\u00edsticas en Espa\u00f1a. Este estatus se debe principalmente a su pradera submarina de posidonia, que es la m\u00e1s grande del Mediterr\u00e1neo espa\u00f1ol y tiene un valor ecol\u00f3gico extraordinario en cuanto a fauna y flora marina.<\/p>\n\n\n\n<figure class=\"wp-block-image\"><a href=\"http:\/\/www.nesthostelsvalencia.com\/wp-content\/uploads\/2013\/06\/barco-a-la-isla-de-tabarca_330743.jpg\"><img decoding=\"async\" width=\"980\" height=\"652\" src=\"http:\/\/www.nesthostelsvalencia.com\/wp-content\/uploads\/2013\/06\/barco-a-la-isla-de-tabarca_330743.jpg\" alt=\"barco-a-la-isla-de-tabarca_330743\" class=\"wp-image-232\" srcset=\"https:\/\/nesthostelsvalencia.com\/wp-content\/uploads\/2013\/06\/barco-a-la-isla-de-tabarca_330743.jpg 980w, https:\/\/nesthostelsvalencia.com\/wp-content\/uploads\/2013\/06\/barco-a-la-isla-de-tabarca_330743-300x199.jpg 300w, https:\/\/nesthostelsvalencia.com\/wp-content\/uploads\/2013\/06\/barco-a-la-isla-de-tabarca_330743-219x146.jpg 219w, https:\/\/nesthostelsvalencia.com\/wp-content\/uploads\/2013\/06\/barco-a-la-isla-de-tabarca_330743-50x33.jpg 50w, https:\/\/nesthostelsvalencia.com\/wp-content\/uploads\/2013\/06\/barco-a-la-isla-de-tabarca_330743-460x307.jpg 460w, https:\/\/nesthostelsvalencia.com\/wp-content\/uploads\/2013\/06\/barco-a-la-isla-de-tabarca_330743-165x110.jpg 165w, https:\/\/nesthostelsvalencia.com\/wp-content\/uploads\/2013\/06\/barco-a-la-isla-de-tabarca_330743-135x90.jpg 135w\" sizes=\"(max-width: 980px) 100vw, 980px\" \/><\/a><\/figure>\n\n\n\n<p class=\"has-text-align-left\"><\/p>\n\n\n\n<p><strong>\u00bfC\u00f3mo llegar a esta maravillosa Isla desde Valencia?<\/strong><\/p>\n\n\n\n<p class=\"has-text-align-center\">1) Consigue tren o autob\u00fas a Alicante (puedes ver el horario <a href=\"https:\/\/www.alsa.es\/\">aqu\u00ed<\/a> (para autobuses) o <a href=\"https:\/\/www.renfe.com\/es\/es\">aqu\u00ed<\/a> (para trenes)<\/p>\n\n\n\n<p class=\"has-text-align-center\">2) Ferry Ger <a href=\"https:\/\/cruceroskontiki.com\/\">Alicante-Tabarca-Alicante<\/a><\/p>\n\n\n\n<p class=\"has-text-align-center\">Entonces, si todo va bien, puede comenzar su viaje a las 8:00 a.m. y regresar a su <a href=\"https:\/\/nesthostelsvalencia.com\/es\/\">albergue<\/a> a las 8:00 p.m.<\/p>\n","protected":false},"excerpt":{"rendered":"<p>Tabarca, tambi\u00e9n conocida en Valencia como Nova Tabarca e Illa Plana, y en espa\u00f1ol como Nueva Tabarca e Isla Plana, es un islote situado en el mar Mediterr\u00e1neo, cerca de la localidad de Santa Pola, en la provincia de Alicante, Comunidad Valenciana, Espa\u00f1a . Tabarca es el islote habitado permanentemente m\u00e1s peque\u00f1o de Espa\u00f1a y [&hellip;]<\/p>\n","protected":false},"author":21,"featured_media":4138,"comment_status":"open","ping_status":"open","sticky":false,"template":"","format":"standard","meta":{"footnotes":""},"categories":[116,117,131],"tags":[],"class_list":["post-14132","post","type-post","status-publish","format-standard","has-post-thumbnail","hentry","category-erasmus","category-festivales","category-tips-viaje"],"yoast_head":"<!-- This site is optimized with the Yoast SEO plugin v27.5 - https:\/\/yoast.com\/product\/yoast-seo-wordpress\/ -->\n<title>Viaje de Un D\u00eda: Isla de Tabarca &#8226; Nest Hostels Valencia<\/title>\n<meta name=\"description\" content=\"Viaje de Un D\u00eda - Isla de Tabarca\" \/>\n<meta name=\"robots\" content=\"index, follow, max-snippet:-1, max-image-preview:large, max-video-preview:-1\" \/>\n<link rel=\"canonical\" href=\"https:\/\/nesthostelsvalencia.com\/es\/viaje-de-un-dia-isla-de-tabarca\/\" \/>\n<meta property=\"og:locale\" content=\"es_ES\" \/>\n<meta property=\"og:type\" content=\"article\" \/>\n<meta property=\"og:title\" content=\"Viaje de Un D\u00eda: Isla de Tabarca &#8226; Nest Hostels Valencia\" \/>\n<meta property=\"og:description\" content=\"One Day Journey: VLC - Isla de Tabarca. Cool idea for your free time!\" \/>\n<meta property=\"og:url\" content=\"https:\/\/nesthostelsvalencia.com\/es\/viaje-de-un-dia-isla-de-tabarca\/\" \/>\n<meta property=\"og:site_name\" content=\"Nest Hostels Valencia\" \/>\n<meta property=\"article:published_time\" content=\"2013-06-27T09:05:39+00:00\" \/>\n<meta property=\"article:modified_time\" content=\"2023-12-26T12:04:06+00:00\" \/>\n<meta property=\"og:image\" content=\"https:\/\/nesthostelsvalencia.com\/wp-content\/uploads\/2013\/06\/1111.jpeg\" \/>\n\t<meta property=\"og:image:width\" content=\"336\" \/>\n\t<meta property=\"og:image:height\" content=\"150\" \/>\n\t<meta property=\"og:image:type\" content=\"image\/jpeg\" \/>\n<meta name=\"author\" content=\"Feet Up\" \/>\n<meta name=\"twitter:card\" content=\"summary_large_image\" \/>\n<meta name=\"twitter:label1\" content=\"Escrito por\" \/>\n\t<meta name=\"twitter:data1\" content=\"Feet Up\" \/>\n\t<meta name=\"twitter:label2\" content=\"Tiempo de lectura\" \/>\n\t<meta name=\"twitter:data2\" content=\"2 minutes\" \/>\n<script type=\"application\/ld+json\" class=\"yoast-schema-graph\">{\"@context\":\"https:\\\/\\\/schema.org\",\"@graph\":[{\"@type\":\"Article\",\"@id\":\"https:\\\/\\\/nesthostelsvalencia.com\\\/es\\\/viaje-de-un-dia-isla-de-tabarca\\\/#article\",\"isPartOf\":{\"@id\":\"https:\\\/\\\/nesthostelsvalencia.com\\\/es\\\/viaje-de-un-dia-isla-de-tabarca\\\/\"},\"author\":{\"name\":\"Feet Up\",\"@id\":\"https:\\\/\\\/nesthostelsvalencia.com\\\/es\\\/#\\\/schema\\\/person\\\/2c4f510f8a0f6934f56d4bbd7df56131\"},\"headline\":\"Viaje de Un D\u00eda: Isla de Tabarca\",\"datePublished\":\"2013-06-27T09:05:39+00:00\",\"dateModified\":\"2023-12-26T12:04:06+00:00\",\"mainEntityOfPage\":{\"@id\":\"https:\\\/\\\/nesthostelsvalencia.com\\\/es\\\/viaje-de-un-dia-isla-de-tabarca\\\/\"},\"wordCount\":319,\"commentCount\":0,\"publisher\":{\"@id\":\"https:\\\/\\\/nesthostelsvalencia.com\\\/es\\\/#organization\"},\"image\":{\"@id\":\"https:\\\/\\\/nesthostelsvalencia.com\\\/es\\\/viaje-de-un-dia-isla-de-tabarca\\\/#primaryimage\"},\"thumbnailUrl\":\"https:\\\/\\\/nesthostelsvalencia.com\\\/wp-content\\\/uploads\\\/2013\\\/06\\\/1111.jpeg\",\"articleSection\":[\"Erasmus\",\"Festivales\",\"Tips de viaje\"],\"inLanguage\":\"es-ES\",\"potentialAction\":[{\"@type\":\"CommentAction\",\"name\":\"Comment\",\"target\":[\"https:\\\/\\\/nesthostelsvalencia.com\\\/es\\\/viaje-de-un-dia-isla-de-tabarca\\\/#respond\"]}]},{\"@type\":\"WebPage\",\"@id\":\"https:\\\/\\\/nesthostelsvalencia.com\\\/es\\\/viaje-de-un-dia-isla-de-tabarca\\\/\",\"url\":\"https:\\\/\\\/nesthostelsvalencia.com\\\/es\\\/viaje-de-un-dia-isla-de-tabarca\\\/\",\"name\":\"Viaje de Un D\u00eda: Isla de Tabarca &#8226; Nest Hostels Valencia\",\"isPartOf\":{\"@id\":\"https:\\\/\\\/nesthostelsvalencia.com\\\/es\\\/#website\"},\"primaryImageOfPage\":{\"@id\":\"https:\\\/\\\/nesthostelsvalencia.com\\\/es\\\/viaje-de-un-dia-isla-de-tabarca\\\/#primaryimage\"},\"image\":{\"@id\":\"https:\\\/\\\/nesthostelsvalencia.com\\\/es\\\/viaje-de-un-dia-isla-de-tabarca\\\/#primaryimage\"},\"thumbnailUrl\":\"https:\\\/\\\/nesthostelsvalencia.com\\\/wp-content\\\/uploads\\\/2013\\\/06\\\/1111.jpeg\",\"datePublished\":\"2013-06-27T09:05:39+00:00\",\"dateModified\":\"2023-12-26T12:04:06+00:00\",\"description\":\"Viaje de Un D\u00eda - Isla de Tabarca\",\"breadcrumb\":{\"@id\":\"https:\\\/\\\/nesthostelsvalencia.com\\\/es\\\/viaje-de-un-dia-isla-de-tabarca\\\/#breadcrumb\"},\"inLanguage\":\"es-ES\",\"potentialAction\":[{\"@type\":\"ReadAction\",\"target\":[\"https:\\\/\\\/nesthostelsvalencia.com\\\/es\\\/viaje-de-un-dia-isla-de-tabarca\\\/\"]}]},{\"@type\":\"ImageObject\",\"inLanguage\":\"es-ES\",\"@id\":\"https:\\\/\\\/nesthostelsvalencia.com\\\/es\\\/viaje-de-un-dia-isla-de-tabarca\\\/#primaryimage\",\"url\":\"https:\\\/\\\/nesthostelsvalencia.com\\\/wp-content\\\/uploads\\\/2013\\\/06\\\/1111.jpeg\",\"contentUrl\":\"https:\\\/\\\/nesthostelsvalencia.com\\\/wp-content\\\/uploads\\\/2013\\\/06\\\/1111.jpeg\",\"width\":336,\"height\":150,\"caption\":\"Isla De Tabarca\"},{\"@type\":\"BreadcrumbList\",\"@id\":\"https:\\\/\\\/nesthostelsvalencia.com\\\/es\\\/viaje-de-un-dia-isla-de-tabarca\\\/#breadcrumb\",\"itemListElement\":[{\"@type\":\"ListItem\",\"position\":1,\"name\":\"Home\",\"item\":\"https:\\\/\\\/nesthostelsvalencia.com\\\/es\\\/\"},{\"@type\":\"ListItem\",\"position\":2,\"name\":\"Viaje de Un D\u00eda: Isla de Tabarca\"}]},{\"@type\":\"WebSite\",\"@id\":\"https:\\\/\\\/nesthostelsvalencia.com\\\/es\\\/#website\",\"url\":\"https:\\\/\\\/nesthostelsvalencia.com\\\/es\\\/\",\"name\":\"Nest Hostels Valencia\",\"description\":\"News, events and tourist info about Valencia\",\"publisher\":{\"@id\":\"https:\\\/\\\/nesthostelsvalencia.com\\\/es\\\/#organization\"},\"alternateName\":\"Nest Hostels Valencia\",\"potentialAction\":[{\"@type\":\"SearchAction\",\"target\":{\"@type\":\"EntryPoint\",\"urlTemplate\":\"https:\\\/\\\/nesthostelsvalencia.com\\\/es\\\/?s={search_term_string}\"},\"query-input\":{\"@type\":\"PropertyValueSpecification\",\"valueRequired\":true,\"valueName\":\"search_term_string\"}}],\"inLanguage\":\"es-ES\"},{\"@type\":\"Organization\",\"@id\":\"https:\\\/\\\/nesthostelsvalencia.com\\\/es\\\/#organization\",\"name\":\"Nest Hostels Valencia\",\"alternateName\":\"Youth hostels and beds for travelers in Valencia\",\"url\":\"https:\\\/\\\/nesthostelsvalencia.com\\\/es\\\/\",\"logo\":{\"@type\":\"ImageObject\",\"inLanguage\":\"es-ES\",\"@id\":\"https:\\\/\\\/nesthostelsvalencia.com\\\/es\\\/#\\\/schema\\\/logo\\\/image\\\/\",\"url\":\"https:\\\/\\\/nesthostelsvalencia.com\\\/wp-content\\\/uploads\\\/2022\\\/01\\\/logo-nesthostels-valencia-feetuphostels.svg\",\"contentUrl\":\"https:\\\/\\\/nesthostelsvalencia.com\\\/wp-content\\\/uploads\\\/2022\\\/01\\\/logo-nesthostels-valencia-feetuphostels.svg\",\"width\":279,\"height\":130,\"caption\":\"Nest Hostels Valencia\"},\"image\":{\"@id\":\"https:\\\/\\\/nesthostelsvalencia.com\\\/es\\\/#\\\/schema\\\/logo\\\/image\\\/\"}},{\"@type\":\"Person\",\"@id\":\"https:\\\/\\\/nesthostelsvalencia.com\\\/es\\\/#\\\/schema\\\/person\\\/2c4f510f8a0f6934f56d4bbd7df56131\",\"name\":\"Feet Up\",\"image\":{\"@type\":\"ImageObject\",\"inLanguage\":\"es-ES\",\"@id\":\"https:\\\/\\\/nesthostelsvalencia.com\\\/wp-content\\\/litespeed\\\/avatar\\\/1d4f2e63f111df6736bfebac4435f67f.jpg?ver=1777448904\",\"url\":\"https:\\\/\\\/nesthostelsvalencia.com\\\/wp-content\\\/litespeed\\\/avatar\\\/1d4f2e63f111df6736bfebac4435f67f.jpg?ver=1777448904\",\"contentUrl\":\"https:\\\/\\\/nesthostelsvalencia.com\\\/wp-content\\\/litespeed\\\/avatar\\\/1d4f2e63f111df6736bfebac4435f67f.jpg?ver=1777448904\",\"caption\":\"Feet Up\"},\"sameAs\":[\"https:\\\/\\\/feetupgroup.com\\\/\"],\"url\":\"https:\\\/\\\/nesthostelsvalencia.com\\\/es\\\/author\\\/feet-up\\\/\"}]}<\/script>\n<!-- \/ Yoast SEO plugin. -->","yoast_head_json":{"title":"Viaje de Un D\u00eda: Isla de Tabarca &#8226; Nest Hostels Valencia","description":"Viaje de Un D\u00eda - Isla de Tabarca","robots":{"index":"index","follow":"follow","max-snippet":"max-snippet:-1","max-image-preview":"max-image-preview:large","max-video-preview":"max-video-preview:-1"},"canonical":"https:\/\/nesthostelsvalencia.com\/es\/viaje-de-un-dia-isla-de-tabarca\/","og_locale":"es_ES","og_type":"article","og_title":"Viaje de Un D\u00eda: Isla de Tabarca &#8226; Nest Hostels Valencia","og_description":"One Day Journey: VLC - Isla de Tabarca. Cool idea for your free time!","og_url":"https:\/\/nesthostelsvalencia.com\/es\/viaje-de-un-dia-isla-de-tabarca\/","og_site_name":"Nest Hostels Valencia","article_published_time":"2013-06-27T09:05:39+00:00","article_modified_time":"2023-12-26T12:04:06+00:00","og_image":[{"width":336,"height":150,"url":"https:\/\/nesthostelsvalencia.com\/wp-content\/uploads\/2013\/06\/1111.jpeg","type":"image\/jpeg"}],"author":"Feet Up","twitter_card":"summary_large_image","twitter_misc":{"Escrito por":"Feet Up","Tiempo de lectura":"2 minutes"},"schema":{"@context":"https:\/\/schema.org","@graph":[{"@type":"Article","@id":"https:\/\/nesthostelsvalencia.com\/es\/viaje-de-un-dia-isla-de-tabarca\/#article","isPartOf":{"@id":"https:\/\/nesthostelsvalencia.com\/es\/viaje-de-un-dia-isla-de-tabarca\/"},"author":{"name":"Feet Up","@id":"https:\/\/nesthostelsvalencia.com\/es\/#\/schema\/person\/2c4f510f8a0f6934f56d4bbd7df56131"},"headline":"Viaje de Un D\u00eda: Isla de Tabarca","datePublished":"2013-06-27T09:05:39+00:00","dateModified":"2023-12-26T12:04:06+00:00","mainEntityOfPage":{"@id":"https:\/\/nesthostelsvalencia.com\/es\/viaje-de-un-dia-isla-de-tabarca\/"},"wordCount":319,"commentCount":0,"publisher":{"@id":"https:\/\/nesthostelsvalencia.com\/es\/#organization"},"image":{"@id":"https:\/\/nesthostelsvalencia.com\/es\/viaje-de-un-dia-isla-de-tabarca\/#primaryimage"},"thumbnailUrl":"https:\/\/nesthostelsvalencia.com\/wp-content\/uploads\/2013\/06\/1111.jpeg","articleSection":["Erasmus","Festivales","Tips de viaje"],"inLanguage":"es-ES","potentialAction":[{"@type":"CommentAction","name":"Comment","target":["https:\/\/nesthostelsvalencia.com\/es\/viaje-de-un-dia-isla-de-tabarca\/#respond"]}]},{"@type":"WebPage","@id":"https:\/\/nesthostelsvalencia.com\/es\/viaje-de-un-dia-isla-de-tabarca\/","url":"https:\/\/nesthostelsvalencia.com\/es\/viaje-de-un-dia-isla-de-tabarca\/","name":"Viaje de Un D\u00eda: Isla de Tabarca &#8226; Nest Hostels Valencia","isPartOf":{"@id":"https:\/\/nesthostelsvalencia.com\/es\/#website"},"primaryImageOfPage":{"@id":"https:\/\/nesthostelsvalencia.com\/es\/viaje-de-un-dia-isla-de-tabarca\/#primaryimage"},"image":{"@id":"https:\/\/nesthostelsvalencia.com\/es\/viaje-de-un-dia-isla-de-tabarca\/#primaryimage"},"thumbnailUrl":"https:\/\/nesthostelsvalencia.com\/wp-content\/uploads\/2013\/06\/1111.jpeg","datePublished":"2013-06-27T09:05:39+00:00","dateModified":"2023-12-26T12:04:06+00:00","description":"Viaje de Un D\u00eda - Isla de Tabarca","breadcrumb":{"@id":"https:\/\/nesthostelsvalencia.com\/es\/viaje-de-un-dia-isla-de-tabarca\/#breadcrumb"},"inLanguage":"es-ES","potentialAction":[{"@type":"ReadAction","target":["https:\/\/nesthostelsvalencia.com\/es\/viaje-de-un-dia-isla-de-tabarca\/"]}]},{"@type":"ImageObject","inLanguage":"es-ES","@id":"https:\/\/nesthostelsvalencia.com\/es\/viaje-de-un-dia-isla-de-tabarca\/#primaryimage","url":"https:\/\/nesthostelsvalencia.com\/wp-content\/uploads\/2013\/06\/1111.jpeg","contentUrl":"https:\/\/nesthostelsvalencia.com\/wp-content\/uploads\/2013\/06\/1111.jpeg","width":336,"height":150,"caption":"Isla De Tabarca"},{"@type":"BreadcrumbList","@id":"https:\/\/nesthostelsvalencia.com\/es\/viaje-de-un-dia-isla-de-tabarca\/#breadcrumb","itemListElement":[{"@type":"ListItem","position":1,"name":"Home","item":"https:\/\/nesthostelsvalencia.com\/es\/"},{"@type":"ListItem","position":2,"name":"Viaje de Un D\u00eda: Isla de Tabarca"}]},{"@type":"WebSite","@id":"https:\/\/nesthostelsvalencia.com\/es\/#website","url":"https:\/\/nesthostelsvalencia.com\/es\/","name":"Nest Hostels Valencia","description":"News, events and tourist info about Valencia","publisher":{"@id":"https:\/\/nesthostelsvalencia.com\/es\/#organization"},"alternateName":"Nest Hostels Valencia","potentialAction":[{"@type":"SearchAction","target":{"@type":"EntryPoint","urlTemplate":"https:\/\/nesthostelsvalencia.com\/es\/?s={search_term_string}"},"query-input":{"@type":"PropertyValueSpecification","valueRequired":true,"valueName":"search_term_string"}}],"inLanguage":"es-ES"},{"@type":"Organization","@id":"https:\/\/nesthostelsvalencia.com\/es\/#organization","name":"Nest Hostels Valencia","alternateName":"Youth hostels and beds for travelers in Valencia","url":"https:\/\/nesthostelsvalencia.com\/es\/","logo":{"@type":"ImageObject","inLanguage":"es-ES","@id":"https:\/\/nesthostelsvalencia.com\/es\/#\/schema\/logo\/image\/","url":"https:\/\/nesthostelsvalencia.com\/wp-content\/uploads\/2022\/01\/logo-nesthostels-valencia-feetuphostels.svg","contentUrl":"https:\/\/nesthostelsvalencia.com\/wp-content\/uploads\/2022\/01\/logo-nesthostels-valencia-feetuphostels.svg","width":279,"height":130,"caption":"Nest Hostels Valencia"},"image":{"@id":"https:\/\/nesthostelsvalencia.com\/es\/#\/schema\/logo\/image\/"}},{"@type":"Person","@id":"https:\/\/nesthostelsvalencia.com\/es\/#\/schema\/person\/2c4f510f8a0f6934f56d4bbd7df56131","name":"Feet Up","image":{"@type":"ImageObject","inLanguage":"es-ES","@id":"https:\/\/nesthostelsvalencia.com\/wp-content\/litespeed\/avatar\/1d4f2e63f111df6736bfebac4435f67f.jpg?ver=1777448904","url":"https:\/\/nesthostelsvalencia.com\/wp-content\/litespeed\/avatar\/1d4f2e63f111df6736bfebac4435f67f.jpg?ver=1777448904","contentUrl":"https:\/\/nesthostelsvalencia.com\/wp-content\/litespeed\/avatar\/1d4f2e63f111df6736bfebac4435f67f.jpg?ver=1777448904","caption":"Feet Up"},"sameAs":["https:\/\/feetupgroup.com\/"],"url":"https:\/\/nesthostelsvalencia.com\/es\/author\/feet-up\/"}]}},"_links":{"self":[{"href":"https:\/\/nesthostelsvalencia.com\/es\/wp-json\/wp\/v2\/posts\/14132","targetHints":{"allow":["GET"]}}],"collection":[{"href":"https:\/\/nesthostelsvalencia.com\/es\/wp-json\/wp\/v2\/posts"}],"about":[{"href":"https:\/\/nesthostelsvalencia.com\/es\/wp-json\/wp\/v2\/types\/post"}],"author":[{"embeddable":true,"href":"https:\/\/nesthostelsvalencia.com\/es\/wp-json\/wp\/v2\/users\/21"}],"replies":[{"embeddable":true,"href":"https:\/\/nesthostelsvalencia.com\/es\/wp-json\/wp\/v2\/comments?post=14132"}],"version-history":[{"count":0,"href":"https:\/\/nesthostelsvalencia.com\/es\/wp-json\/wp\/v2\/posts\/14132\/revisions"}],"wp:featuredmedia":[{"embeddable":true,"href":"https:\/\/nesthostelsvalencia.com\/es\/wp-json\/wp\/v2\/media\/4138"}],"wp:attachment":[{"href":"https:\/\/nesthostelsvalencia.com\/es\/wp-json\/wp\/v2\/media?parent=14132"}],"wp:term":[{"taxonomy":"category","embeddable":true,"href":"https:\/\/nesthostelsvalencia.com\/es\/wp-json\/wp\/v2\/categories?post=14132"},{"taxonomy":"post_tag","embeddable":true,"href":"https:\/\/nesthostelsvalencia.com\/es\/wp-json\/wp\/v2\/tags?post=14132"}],"curies":[{"name":"wp","href":"https:\/\/api.w.org\/{rel}","templated":true}]}}