{"id":14147,"date":"2013-06-24T11:30:50","date_gmt":"2013-06-24T09:30:50","guid":{"rendered":"https:\/\/nesthostelsvalencia.com\/one-day-journey\/"},"modified":"2023-12-26T13:04:07","modified_gmt":"2023-12-26T12:04:07","slug":"viaje-de-un-dia-a-la-sierra-calderona","status":"publish","type":"post","link":"https:\/\/nesthostelsvalencia.com\/es\/viaje-de-un-dia-a-la-sierra-calderona\/","title":{"rendered":"\u00a1Viaje de un d\u00eda a la Sierra Calderona!"},"content":{"rendered":"\n<p>Si est\u00e1 un poco aburrido de la vida nocturna, las cervezas y las playas, podemos recomendarle una buena alternativa: un viaje de un d\u00eda a la Sierra Calderona.<\/p>\n\n\n\n<p><span lang=\"EN-US\">Serra Calderona es una cadena monta\u00f1osa de 49 km (30 millas) de largo en las comarcas Camp de T\u00faria, Horta Nord y Alt Pal\u00e0ncia de la Comunidad Valenciana, entre las provincias de Castell\u00f3 y Valencia Espa\u00f1a.<\/span><\/p>\n\n\n\n<div class=\"wp-block-image\"><figure class=\"aligncenter\"><a href=\"http:\/\/www.nesthostelsvalencia.com\/wp-content\/uploads\/2013\/06\/sierra-1.jpg\"><img fetchpriority=\"high\" decoding=\"async\" width=\"1024\" height=\"768\" src=\"http:\/\/www.nesthostelsvalencia.com\/wp-content\/uploads\/2013\/06\/sierra-1-1024x768.jpg\" alt=\"sierra 1\" class=\"wp-image-220\" srcset=\"https:\/\/nesthostelsvalencia.com\/wp-content\/uploads\/2013\/06\/sierra-1-1024x768.jpg 1024w, https:\/\/nesthostelsvalencia.com\/wp-content\/uploads\/2013\/06\/sierra-1-300x225.jpg 300w, https:\/\/nesthostelsvalencia.com\/wp-content\/uploads\/2013\/06\/sierra-1-194x146.jpg 194w, https:\/\/nesthostelsvalencia.com\/wp-content\/uploads\/2013\/06\/sierra-1-50x37.jpg 50w, https:\/\/nesthostelsvalencia.com\/wp-content\/uploads\/2013\/06\/sierra-1-146x110.jpg 146w, https:\/\/nesthostelsvalencia.com\/wp-content\/uploads\/2013\/06\/sierra-1-119x90.jpg 119w, https:\/\/nesthostelsvalencia.com\/wp-content\/uploads\/2013\/06\/sierra-1.jpg 1413w\" sizes=\"(max-width: 1024px) 100vw, 1024px\" \/><\/a><\/figure><\/div>\n\n\n\n<p class=\"has-text-align-center\"><\/p>\n\n\n\n<p><span lang=\"EN-US\">Esta sierra moderadamente alta es una prolongaci\u00f3n oriental de la Sierra de Javalambre. Su punto m\u00e1s alto es El Gorgo (907 m). Otras cumbres importantes son la Muntanya del Garb\u00ed (600 m) y el Puntal de l&#8217;Abella (635 m).<\/span><\/p>\n\n\n\n<p><span lang=\"EN-US\">La cordillera se conoc\u00eda anteriormente como Monts de Porta Coeli, en honor a la Cartuja de Porta Coeli ubicada en las monta\u00f1as. El nombre Calderona se origin\u00f3 en el siglo XVII cuando una mujer conocida como Mar\u00eda Calder\u00f3n &#8220;La Calderona&#8221;, una de las amantes favoritas del rey Felipe IV de Espa\u00f1a, se escondi\u00f3 en estas monta\u00f1as entre los salteadores de caminos.<\/span><\/p>\n\n\n\n<p>Este viaje diario es muy recomendable para los amantes de la naturaleza.<\/p>\n\n\n\n<p><strong>\u00bfC\u00f3mo llegar al destino?<\/strong><\/p>\n\n\n\n<ol class=\"wp-block-list\"><li>Primero necesitas un metro Colon-Betera (el tiempo de viaje es de 36 min aprox)<\/li><\/ol>\n\n\n\n<p>2. Necesitas coger un autob\u00fas B\u00e9tera-N\u00e1quera-Serra (tu destino es Serra: el tiempo es de 15 min aprox.)<\/p>\n\n\n\n<p>De todos modos, si tienes algunas preguntas, puedes preguntar cosas en los <a href=\"https:\/\/nesthostelsvalencia.com\/es\/\">albergues<\/a>.<\/p>\n\n\n\n<p>[youtube G18B-Xkhb8g]<\/p>\n\n\n\n<p>&nbsp;<\/p>\n\n\n\n<p>\u00a1\u00a1\u00a1\u00a1\u00a1\u00a1\u00a1Pasarlo bien!!!!!!!:)<\/p>\n\n\n\n<p>&nbsp;<\/p>\n\n\n\n<p>&nbsp;<\/p>\n","protected":false},"excerpt":{"rendered":"<p>Si est\u00e1 un poco aburrido de la vida nocturna, las cervezas y las playas, podemos recomendarle una buena alternativa: un viaje de un d\u00eda a la Sierra Calderona. Serra Calderona es una cadena monta\u00f1osa de 49 km (30 millas) de largo en las comarcas Camp de T\u00faria, Horta Nord y Alt Pal\u00e0ncia de la Comunidad [&hellip;]<\/p>\n","protected":false},"author":21,"featured_media":4120,"comment_status":"open","ping_status":"open","sticky":false,"template":"","format":"standard","meta":{"footnotes":""},"categories":[116,131],"tags":[],"class_list":["post-14147","post","type-post","status-publish","format-standard","has-post-thumbnail","hentry","category-erasmus","category-tips-viaje"],"yoast_head":"<!-- This site is optimized with the Yoast SEO plugin v27.4 - https:\/\/yoast.com\/product\/yoast-seo-wordpress\/ -->\n<title>\u00a1Viaje de un d\u00eda a la Sierra Calderona! &#8226; Nest Hostels Valencia<\/title>\n<meta name=\"description\" content=\"\u00a1Viaje de un d\u00eda a la Sierra Calderona!\" \/>\n<meta name=\"robots\" content=\"index, follow, max-snippet:-1, max-image-preview:large, max-video-preview:-1\" \/>\n<link rel=\"canonical\" href=\"https:\/\/nesthostelsvalencia.com\/es\/viaje-de-un-dia-a-la-sierra-calderona\/\" \/>\n<meta property=\"og:locale\" content=\"es_ES\" \/>\n<meta property=\"og:type\" content=\"article\" \/>\n<meta property=\"og:title\" content=\"\u00a1Viaje de un d\u00eda a la Sierra Calderona! &#8226; Nest Hostels Valencia\" \/>\n<meta property=\"og:description\" content=\"One day journey to Sierra Calderona! Do you know Valencia?\" \/>\n<meta property=\"og:url\" content=\"https:\/\/nesthostelsvalencia.com\/es\/viaje-de-un-dia-a-la-sierra-calderona\/\" \/>\n<meta property=\"og:site_name\" content=\"Nest Hostels Valencia\" \/>\n<meta property=\"article:published_time\" content=\"2013-06-24T09:30:50+00:00\" \/>\n<meta property=\"article:modified_time\" content=\"2023-12-26T12:04:07+00:00\" \/>\n<meta property=\"og:image\" content=\"https:\/\/nesthostelsvalencia.com\/wp-content\/uploads\/2013\/06\/el-secanet-serra-calderona2_destino_14_31807_BR.jpg\" \/>\n\t<meta property=\"og:image:width\" content=\"980\" \/>\n\t<meta property=\"og:image:height\" content=\"377\" \/>\n\t<meta property=\"og:image:type\" content=\"image\/jpeg\" \/>\n<meta name=\"author\" content=\"Feet Up\" \/>\n<meta name=\"twitter:card\" content=\"summary_large_image\" \/>\n<meta name=\"twitter:label1\" content=\"Escrito por\" \/>\n\t<meta name=\"twitter:data1\" content=\"Feet Up\" \/>\n\t<meta name=\"twitter:label2\" content=\"Tiempo de lectura\" \/>\n\t<meta name=\"twitter:data2\" content=\"2 minutes\" \/>\n<script type=\"application\/ld+json\" class=\"yoast-schema-graph\">{\"@context\":\"https:\\\/\\\/schema.org\",\"@graph\":[{\"@type\":\"Article\",\"@id\":\"https:\\\/\\\/nesthostelsvalencia.com\\\/es\\\/viaje-de-un-dia-a-la-sierra-calderona\\\/#article\",\"isPartOf\":{\"@id\":\"https:\\\/\\\/nesthostelsvalencia.com\\\/es\\\/viaje-de-un-dia-a-la-sierra-calderona\\\/\"},\"author\":{\"name\":\"Feet Up\",\"@id\":\"https:\\\/\\\/nesthostelsvalencia.com\\\/es\\\/#\\\/schema\\\/person\\\/2c4f510f8a0f6934f56d4bbd7df56131\"},\"headline\":\"\u00a1Viaje de un d\u00eda a la Sierra Calderona!\",\"datePublished\":\"2013-06-24T09:30:50+00:00\",\"dateModified\":\"2023-12-26T12:04:07+00:00\",\"mainEntityOfPage\":{\"@id\":\"https:\\\/\\\/nesthostelsvalencia.com\\\/es\\\/viaje-de-un-dia-a-la-sierra-calderona\\\/\"},\"wordCount\":251,\"commentCount\":0,\"publisher\":{\"@id\":\"https:\\\/\\\/nesthostelsvalencia.com\\\/es\\\/#organization\"},\"image\":{\"@id\":\"https:\\\/\\\/nesthostelsvalencia.com\\\/es\\\/viaje-de-un-dia-a-la-sierra-calderona\\\/#primaryimage\"},\"thumbnailUrl\":\"https:\\\/\\\/nesthostelsvalencia.com\\\/wp-content\\\/uploads\\\/2013\\\/06\\\/el-secanet-serra-calderona2_destino_14_31807_BR.jpg\",\"articleSection\":[\"Erasmus\",\"Tips de viaje\"],\"inLanguage\":\"es-ES\",\"potentialAction\":[{\"@type\":\"CommentAction\",\"name\":\"Comment\",\"target\":[\"https:\\\/\\\/nesthostelsvalencia.com\\\/es\\\/viaje-de-un-dia-a-la-sierra-calderona\\\/#respond\"]}]},{\"@type\":\"WebPage\",\"@id\":\"https:\\\/\\\/nesthostelsvalencia.com\\\/es\\\/viaje-de-un-dia-a-la-sierra-calderona\\\/\",\"url\":\"https:\\\/\\\/nesthostelsvalencia.com\\\/es\\\/viaje-de-un-dia-a-la-sierra-calderona\\\/\",\"name\":\"\u00a1Viaje de un d\u00eda a la Sierra Calderona! &#8226; Nest Hostels Valencia\",\"isPartOf\":{\"@id\":\"https:\\\/\\\/nesthostelsvalencia.com\\\/es\\\/#website\"},\"primaryImageOfPage\":{\"@id\":\"https:\\\/\\\/nesthostelsvalencia.com\\\/es\\\/viaje-de-un-dia-a-la-sierra-calderona\\\/#primaryimage\"},\"image\":{\"@id\":\"https:\\\/\\\/nesthostelsvalencia.com\\\/es\\\/viaje-de-un-dia-a-la-sierra-calderona\\\/#primaryimage\"},\"thumbnailUrl\":\"https:\\\/\\\/nesthostelsvalencia.com\\\/wp-content\\\/uploads\\\/2013\\\/06\\\/el-secanet-serra-calderona2_destino_14_31807_BR.jpg\",\"datePublished\":\"2013-06-24T09:30:50+00:00\",\"dateModified\":\"2023-12-26T12:04:07+00:00\",\"description\":\"\u00a1Viaje de un d\u00eda a la Sierra Calderona!\",\"breadcrumb\":{\"@id\":\"https:\\\/\\\/nesthostelsvalencia.com\\\/es\\\/viaje-de-un-dia-a-la-sierra-calderona\\\/#breadcrumb\"},\"inLanguage\":\"es-ES\",\"potentialAction\":[{\"@type\":\"ReadAction\",\"target\":[\"https:\\\/\\\/nesthostelsvalencia.com\\\/es\\\/viaje-de-un-dia-a-la-sierra-calderona\\\/\"]}]},{\"@type\":\"ImageObject\",\"inLanguage\":\"es-ES\",\"@id\":\"https:\\\/\\\/nesthostelsvalencia.com\\\/es\\\/viaje-de-un-dia-a-la-sierra-calderona\\\/#primaryimage\",\"url\":\"https:\\\/\\\/nesthostelsvalencia.com\\\/wp-content\\\/uploads\\\/2013\\\/06\\\/el-secanet-serra-calderona2_destino_14_31807_BR.jpg\",\"contentUrl\":\"https:\\\/\\\/nesthostelsvalencia.com\\\/wp-content\\\/uploads\\\/2013\\\/06\\\/el-secanet-serra-calderona2_destino_14_31807_BR.jpg\",\"width\":980,\"height\":377,\"caption\":\"Sierra Calderona\"},{\"@type\":\"BreadcrumbList\",\"@id\":\"https:\\\/\\\/nesthostelsvalencia.com\\\/es\\\/viaje-de-un-dia-a-la-sierra-calderona\\\/#breadcrumb\",\"itemListElement\":[{\"@type\":\"ListItem\",\"position\":1,\"name\":\"Home\",\"item\":\"https:\\\/\\\/nesthostelsvalencia.com\\\/es\\\/\"},{\"@type\":\"ListItem\",\"position\":2,\"name\":\"\u00a1Viaje de un d\u00eda a la Sierra Calderona!\"}]},{\"@type\":\"WebSite\",\"@id\":\"https:\\\/\\\/nesthostelsvalencia.com\\\/es\\\/#website\",\"url\":\"https:\\\/\\\/nesthostelsvalencia.com\\\/es\\\/\",\"name\":\"Nest Hostels Valencia\",\"description\":\"News, events and tourist info about Valencia\",\"publisher\":{\"@id\":\"https:\\\/\\\/nesthostelsvalencia.com\\\/es\\\/#organization\"},\"alternateName\":\"Nest Hostels Valencia\",\"potentialAction\":[{\"@type\":\"SearchAction\",\"target\":{\"@type\":\"EntryPoint\",\"urlTemplate\":\"https:\\\/\\\/nesthostelsvalencia.com\\\/es\\\/?s={search_term_string}\"},\"query-input\":{\"@type\":\"PropertyValueSpecification\",\"valueRequired\":true,\"valueName\":\"search_term_string\"}}],\"inLanguage\":\"es-ES\"},{\"@type\":\"Organization\",\"@id\":\"https:\\\/\\\/nesthostelsvalencia.com\\\/es\\\/#organization\",\"name\":\"Nest Hostels Valencia\",\"alternateName\":\"Youth hostels and beds for travelers in Valencia\",\"url\":\"https:\\\/\\\/nesthostelsvalencia.com\\\/es\\\/\",\"logo\":{\"@type\":\"ImageObject\",\"inLanguage\":\"es-ES\",\"@id\":\"https:\\\/\\\/nesthostelsvalencia.com\\\/es\\\/#\\\/schema\\\/logo\\\/image\\\/\",\"url\":\"https:\\\/\\\/nesthostelsvalencia.com\\\/wp-content\\\/uploads\\\/2022\\\/01\\\/logo-nesthostels-valencia-feetuphostels.svg\",\"contentUrl\":\"https:\\\/\\\/nesthostelsvalencia.com\\\/wp-content\\\/uploads\\\/2022\\\/01\\\/logo-nesthostels-valencia-feetuphostels.svg\",\"width\":279,\"height\":130,\"caption\":\"Nest Hostels Valencia\"},\"image\":{\"@id\":\"https:\\\/\\\/nesthostelsvalencia.com\\\/es\\\/#\\\/schema\\\/logo\\\/image\\\/\"}},{\"@type\":\"Person\",\"@id\":\"https:\\\/\\\/nesthostelsvalencia.com\\\/es\\\/#\\\/schema\\\/person\\\/2c4f510f8a0f6934f56d4bbd7df56131\",\"name\":\"Feet Up\",\"image\":{\"@type\":\"ImageObject\",\"inLanguage\":\"es-ES\",\"@id\":\"https:\\\/\\\/nesthostelsvalencia.com\\\/wp-content\\\/litespeed\\\/avatar\\\/1d4f2e63f111df6736bfebac4435f67f.jpg?ver=1776844101\",\"url\":\"https:\\\/\\\/nesthostelsvalencia.com\\\/wp-content\\\/litespeed\\\/avatar\\\/1d4f2e63f111df6736bfebac4435f67f.jpg?ver=1776844101\",\"contentUrl\":\"https:\\\/\\\/nesthostelsvalencia.com\\\/wp-content\\\/litespeed\\\/avatar\\\/1d4f2e63f111df6736bfebac4435f67f.jpg?ver=1776844101\",\"caption\":\"Feet Up\"},\"sameAs\":[\"https:\\\/\\\/feetupgroup.com\\\/\"],\"url\":\"https:\\\/\\\/nesthostelsvalencia.com\\\/es\\\/author\\\/feet-up\\\/\"}]}<\/script>\n<!-- \/ Yoast SEO plugin. -->","yoast_head_json":{"title":"\u00a1Viaje de un d\u00eda a la Sierra Calderona! &#8226; Nest Hostels Valencia","description":"\u00a1Viaje de un d\u00eda a la Sierra Calderona!","robots":{"index":"index","follow":"follow","max-snippet":"max-snippet:-1","max-image-preview":"max-image-preview:large","max-video-preview":"max-video-preview:-1"},"canonical":"https:\/\/nesthostelsvalencia.com\/es\/viaje-de-un-dia-a-la-sierra-calderona\/","og_locale":"es_ES","og_type":"article","og_title":"\u00a1Viaje de un d\u00eda a la Sierra Calderona! &#8226; Nest Hostels Valencia","og_description":"One day journey to Sierra Calderona! Do you know Valencia?","og_url":"https:\/\/nesthostelsvalencia.com\/es\/viaje-de-un-dia-a-la-sierra-calderona\/","og_site_name":"Nest Hostels Valencia","article_published_time":"2013-06-24T09:30:50+00:00","article_modified_time":"2023-12-26T12:04:07+00:00","og_image":[{"width":980,"height":377,"url":"https:\/\/nesthostelsvalencia.com\/wp-content\/uploads\/2013\/06\/el-secanet-serra-calderona2_destino_14_31807_BR.jpg","type":"image\/jpeg"}],"author":"Feet Up","twitter_card":"summary_large_image","twitter_misc":{"Escrito por":"Feet Up","Tiempo de lectura":"2 minutes"},"schema":{"@context":"https:\/\/schema.org","@graph":[{"@type":"Article","@id":"https:\/\/nesthostelsvalencia.com\/es\/viaje-de-un-dia-a-la-sierra-calderona\/#article","isPartOf":{"@id":"https:\/\/nesthostelsvalencia.com\/es\/viaje-de-un-dia-a-la-sierra-calderona\/"},"author":{"name":"Feet Up","@id":"https:\/\/nesthostelsvalencia.com\/es\/#\/schema\/person\/2c4f510f8a0f6934f56d4bbd7df56131"},"headline":"\u00a1Viaje de un d\u00eda a la Sierra Calderona!","datePublished":"2013-06-24T09:30:50+00:00","dateModified":"2023-12-26T12:04:07+00:00","mainEntityOfPage":{"@id":"https:\/\/nesthostelsvalencia.com\/es\/viaje-de-un-dia-a-la-sierra-calderona\/"},"wordCount":251,"commentCount":0,"publisher":{"@id":"https:\/\/nesthostelsvalencia.com\/es\/#organization"},"image":{"@id":"https:\/\/nesthostelsvalencia.com\/es\/viaje-de-un-dia-a-la-sierra-calderona\/#primaryimage"},"thumbnailUrl":"https:\/\/nesthostelsvalencia.com\/wp-content\/uploads\/2013\/06\/el-secanet-serra-calderona2_destino_14_31807_BR.jpg","articleSection":["Erasmus","Tips de viaje"],"inLanguage":"es-ES","potentialAction":[{"@type":"CommentAction","name":"Comment","target":["https:\/\/nesthostelsvalencia.com\/es\/viaje-de-un-dia-a-la-sierra-calderona\/#respond"]}]},{"@type":"WebPage","@id":"https:\/\/nesthostelsvalencia.com\/es\/viaje-de-un-dia-a-la-sierra-calderona\/","url":"https:\/\/nesthostelsvalencia.com\/es\/viaje-de-un-dia-a-la-sierra-calderona\/","name":"\u00a1Viaje de un d\u00eda a la Sierra Calderona! &#8226; Nest Hostels Valencia","isPartOf":{"@id":"https:\/\/nesthostelsvalencia.com\/es\/#website"},"primaryImageOfPage":{"@id":"https:\/\/nesthostelsvalencia.com\/es\/viaje-de-un-dia-a-la-sierra-calderona\/#primaryimage"},"image":{"@id":"https:\/\/nesthostelsvalencia.com\/es\/viaje-de-un-dia-a-la-sierra-calderona\/#primaryimage"},"thumbnailUrl":"https:\/\/nesthostelsvalencia.com\/wp-content\/uploads\/2013\/06\/el-secanet-serra-calderona2_destino_14_31807_BR.jpg","datePublished":"2013-06-24T09:30:50+00:00","dateModified":"2023-12-26T12:04:07+00:00","description":"\u00a1Viaje de un d\u00eda a la Sierra Calderona!","breadcrumb":{"@id":"https:\/\/nesthostelsvalencia.com\/es\/viaje-de-un-dia-a-la-sierra-calderona\/#breadcrumb"},"inLanguage":"es-ES","potentialAction":[{"@type":"ReadAction","target":["https:\/\/nesthostelsvalencia.com\/es\/viaje-de-un-dia-a-la-sierra-calderona\/"]}]},{"@type":"ImageObject","inLanguage":"es-ES","@id":"https:\/\/nesthostelsvalencia.com\/es\/viaje-de-un-dia-a-la-sierra-calderona\/#primaryimage","url":"https:\/\/nesthostelsvalencia.com\/wp-content\/uploads\/2013\/06\/el-secanet-serra-calderona2_destino_14_31807_BR.jpg","contentUrl":"https:\/\/nesthostelsvalencia.com\/wp-content\/uploads\/2013\/06\/el-secanet-serra-calderona2_destino_14_31807_BR.jpg","width":980,"height":377,"caption":"Sierra Calderona"},{"@type":"BreadcrumbList","@id":"https:\/\/nesthostelsvalencia.com\/es\/viaje-de-un-dia-a-la-sierra-calderona\/#breadcrumb","itemListElement":[{"@type":"ListItem","position":1,"name":"Home","item":"https:\/\/nesthostelsvalencia.com\/es\/"},{"@type":"ListItem","position":2,"name":"\u00a1Viaje de un d\u00eda a la Sierra Calderona!"}]},{"@type":"WebSite","@id":"https:\/\/nesthostelsvalencia.com\/es\/#website","url":"https:\/\/nesthostelsvalencia.com\/es\/","name":"Nest Hostels Valencia","description":"News, events and tourist info about Valencia","publisher":{"@id":"https:\/\/nesthostelsvalencia.com\/es\/#organization"},"alternateName":"Nest Hostels Valencia","potentialAction":[{"@type":"SearchAction","target":{"@type":"EntryPoint","urlTemplate":"https:\/\/nesthostelsvalencia.com\/es\/?s={search_term_string}"},"query-input":{"@type":"PropertyValueSpecification","valueRequired":true,"valueName":"search_term_string"}}],"inLanguage":"es-ES"},{"@type":"Organization","@id":"https:\/\/nesthostelsvalencia.com\/es\/#organization","name":"Nest Hostels Valencia","alternateName":"Youth hostels and beds for travelers in Valencia","url":"https:\/\/nesthostelsvalencia.com\/es\/","logo":{"@type":"ImageObject","inLanguage":"es-ES","@id":"https:\/\/nesthostelsvalencia.com\/es\/#\/schema\/logo\/image\/","url":"https:\/\/nesthostelsvalencia.com\/wp-content\/uploads\/2022\/01\/logo-nesthostels-valencia-feetuphostels.svg","contentUrl":"https:\/\/nesthostelsvalencia.com\/wp-content\/uploads\/2022\/01\/logo-nesthostels-valencia-feetuphostels.svg","width":279,"height":130,"caption":"Nest Hostels Valencia"},"image":{"@id":"https:\/\/nesthostelsvalencia.com\/es\/#\/schema\/logo\/image\/"}},{"@type":"Person","@id":"https:\/\/nesthostelsvalencia.com\/es\/#\/schema\/person\/2c4f510f8a0f6934f56d4bbd7df56131","name":"Feet Up","image":{"@type":"ImageObject","inLanguage":"es-ES","@id":"https:\/\/nesthostelsvalencia.com\/wp-content\/litespeed\/avatar\/1d4f2e63f111df6736bfebac4435f67f.jpg?ver=1776844101","url":"https:\/\/nesthostelsvalencia.com\/wp-content\/litespeed\/avatar\/1d4f2e63f111df6736bfebac4435f67f.jpg?ver=1776844101","contentUrl":"https:\/\/nesthostelsvalencia.com\/wp-content\/litespeed\/avatar\/1d4f2e63f111df6736bfebac4435f67f.jpg?ver=1776844101","caption":"Feet Up"},"sameAs":["https:\/\/feetupgroup.com\/"],"url":"https:\/\/nesthostelsvalencia.com\/es\/author\/feet-up\/"}]}},"_links":{"self":[{"href":"https:\/\/nesthostelsvalencia.com\/es\/wp-json\/wp\/v2\/posts\/14147","targetHints":{"allow":["GET"]}}],"collection":[{"href":"https:\/\/nesthostelsvalencia.com\/es\/wp-json\/wp\/v2\/posts"}],"about":[{"href":"https:\/\/nesthostelsvalencia.com\/es\/wp-json\/wp\/v2\/types\/post"}],"author":[{"embeddable":true,"href":"https:\/\/nesthostelsvalencia.com\/es\/wp-json\/wp\/v2\/users\/21"}],"replies":[{"embeddable":true,"href":"https:\/\/nesthostelsvalencia.com\/es\/wp-json\/wp\/v2\/comments?post=14147"}],"version-history":[{"count":0,"href":"https:\/\/nesthostelsvalencia.com\/es\/wp-json\/wp\/v2\/posts\/14147\/revisions"}],"wp:featuredmedia":[{"embeddable":true,"href":"https:\/\/nesthostelsvalencia.com\/es\/wp-json\/wp\/v2\/media\/4120"}],"wp:attachment":[{"href":"https:\/\/nesthostelsvalencia.com\/es\/wp-json\/wp\/v2\/media?parent=14147"}],"wp:term":[{"taxonomy":"category","embeddable":true,"href":"https:\/\/nesthostelsvalencia.com\/es\/wp-json\/wp\/v2\/categories?post=14147"},{"taxonomy":"post_tag","embeddable":true,"href":"https:\/\/nesthostelsvalencia.com\/es\/wp-json\/wp\/v2\/tags?post=14147"}],"curies":[{"name":"wp","href":"https:\/\/api.w.org\/{rel}","templated":true}]}}