{"id":863,"date":"2013-11-06T10:49:08","date_gmt":"2013-11-06T09:49:08","guid":{"rendered":"http:\/\/www.nesthostelsvalencia.com\/?p=863"},"modified":"2023-12-26T12:59:10","modified_gmt":"2023-12-26T11:59:10","slug":"el-festival-ciutat-vella-oberta","status":"publish","type":"post","link":"https:\/\/nesthostelsvalencia.com\/es\/el-festival-ciutat-vella-oberta\/","title":{"rendered":"El Festival Ciutat Vella Oberta"},"content":{"rendered":"<p>Llega a Valencia el\u00a0Festival Ciutat Vella Oberta. Un festival multidisciplinar que nace con la motivaci\u00f3n de dinamizar el panorama art\u00edstico del distrito de Ciutat Vella. Durante los d\u00edas 8,\u00a09 \u00a0y 10 de noviembre los vecinos, visitantes o turistas podr\u00e1n recrearse en el trabajo de artistas reconocidos o emergentes.<\/p>\n<p style=\"text-align: center\"><a href=\"http:\/\/www.nesthostelsvalencia.com\/wp-content\/uploads\/2013\/11\/Ciutat.jpg\"><img fetchpriority=\"high\" decoding=\"async\" class=\"aligncenter  wp-image-864\" alt=\"Ciutat\" src=\"http:\/\/www.nesthostelsvalencia.com\/wp-content\/uploads\/2013\/11\/Ciutat.jpg\" width=\"322\" height=\"210\" srcset=\"https:\/\/nesthostelsvalencia.com\/wp-content\/uploads\/2013\/11\/Ciutat.jpg 460w, https:\/\/nesthostelsvalencia.com\/wp-content\/uploads\/2013\/11\/Ciutat-300x195.jpg 300w, https:\/\/nesthostelsvalencia.com\/wp-content\/uploads\/2013\/11\/Ciutat-223x146.jpg 223w, https:\/\/nesthostelsvalencia.com\/wp-content\/uploads\/2013\/11\/Ciutat-50x32.jpg 50w, https:\/\/nesthostelsvalencia.com\/wp-content\/uploads\/2013\/11\/Ciutat-168x110.jpg 168w, https:\/\/nesthostelsvalencia.com\/wp-content\/uploads\/2013\/11\/Ciutat-138x90.jpg 138w\" sizes=\"(max-width: 322px) 100vw, 322px\" \/><\/a><\/p>\n<p>&nbsp;<\/p>\n<p>Ser\u00e1 un especial fin de semana en el que el\u00a0arte\u00a0inundar\u00e1 las calles, y se abrir\u00e1n las puertas de los talleres, las galer\u00edas\u2026Una oportunidad \u00fanica para conocer de cerca el mundo del arte. Un perfecto espacio de reflexi\u00f3n de todos, y para todos.<\/p>\n<p style=\"text-align: center\"><a href=\"http:\/\/www.nesthostelsvalencia.com\" target=\"_blank\" rel=\"noopener\">Purple Nest Hostel<\/a> esta muy cerca de la \u00e1rea de actuaci\u00f3n. No te pierdes un buen fin de semana con nosotros.<\/p>\n","protected":false},"excerpt":{"rendered":"<p>Llega a Valencia el\u00a0Festival Ciutat Vella Oberta. Un festival multidisciplinar que nace con la motivaci\u00f3n de dinamizar el panorama art\u00edstico del distrito de Ciutat Vella. Durante los d\u00edas 8,\u00a09 \u00a0y 10 de noviembre los vecinos, visitantes o turistas podr\u00e1n recrearse en el trabajo de artistas reconocidos o emergentes. &nbsp; Ser\u00e1 un especial fin de semana [&hellip;]<\/p>\n","protected":false},"author":21,"featured_media":866,"comment_status":"open","ping_status":"open","sticky":false,"template":"","format":"standard","meta":{"footnotes":""},"categories":[117,131],"tags":[],"class_list":["post-863","post","type-post","status-publish","format-standard","has-post-thumbnail","hentry","category-festivales","category-tips-viaje"],"yoast_head":"<!-- This site is optimized with the Yoast SEO plugin v27.5 - https:\/\/yoast.com\/product\/yoast-seo-wordpress\/ -->\n<title>El Festival Ciutat Vella Oberta &#8226; Nest Hostels Valencia<\/title>\n<meta name=\"description\" content=\"El Festival Ciutat Vella Oberta\" \/>\n<meta name=\"robots\" content=\"index, follow, max-snippet:-1, max-image-preview:large, max-video-preview:-1\" \/>\n<link rel=\"canonical\" href=\"https:\/\/nesthostelsvalencia.com\/es\/el-festival-ciutat-vella-oberta\/\" \/>\n<meta property=\"og:locale\" content=\"es_ES\" \/>\n<meta property=\"og:type\" content=\"article\" \/>\n<meta property=\"og:title\" content=\"El Festival Ciutat Vella Oberta &#8226; Nest Hostels Valencia\" \/>\n<meta property=\"og:description\" content=\"El Festival Ciutat Vella Oberta\" \/>\n<meta property=\"og:url\" content=\"https:\/\/nesthostelsvalencia.com\/es\/el-festival-ciutat-vella-oberta\/\" \/>\n<meta property=\"og:site_name\" content=\"Nest Hostels Valencia\" \/>\n<meta property=\"article:published_time\" content=\"2013-11-06T09:49:08+00:00\" \/>\n<meta property=\"article:modified_time\" content=\"2023-12-26T11:59:10+00:00\" \/>\n<meta property=\"og:image\" content=\"https:\/\/nesthostelsvalencia.com\/wp-content\/uploads\/2013\/11\/ciutatvella_portada.jpg\" \/>\n\t<meta property=\"og:image:width\" content=\"852\" \/>\n\t<meta property=\"og:image:height\" content=\"316\" \/>\n\t<meta property=\"og:image:type\" content=\"image\/jpeg\" \/>\n<meta name=\"author\" content=\"Feet Up\" \/>\n<meta name=\"twitter:card\" content=\"summary_large_image\" \/>\n<meta name=\"twitter:label1\" content=\"Escrito por\" \/>\n\t<meta name=\"twitter:data1\" content=\"Feet Up\" \/>\n\t<meta name=\"twitter:label2\" content=\"Tiempo de lectura\" \/>\n\t<meta name=\"twitter:data2\" content=\"1 minute\" \/>\n<script type=\"application\/ld+json\" class=\"yoast-schema-graph\">{\"@context\":\"https:\\\/\\\/schema.org\",\"@graph\":[{\"@type\":\"Article\",\"@id\":\"https:\\\/\\\/nesthostelsvalencia.com\\\/es\\\/el-festival-ciutat-vella-oberta\\\/#article\",\"isPartOf\":{\"@id\":\"https:\\\/\\\/nesthostelsvalencia.com\\\/es\\\/el-festival-ciutat-vella-oberta\\\/\"},\"author\":{\"name\":\"Feet Up\",\"@id\":\"https:\\\/\\\/nesthostelsvalencia.com\\\/es\\\/#\\\/schema\\\/person\\\/2c4f510f8a0f6934f56d4bbd7df56131\"},\"headline\":\"El Festival Ciutat Vella Oberta\",\"datePublished\":\"2013-11-06T09:49:08+00:00\",\"dateModified\":\"2023-12-26T11:59:10+00:00\",\"mainEntityOfPage\":{\"@id\":\"https:\\\/\\\/nesthostelsvalencia.com\\\/es\\\/el-festival-ciutat-vella-oberta\\\/\"},\"wordCount\":127,\"commentCount\":0,\"publisher\":{\"@id\":\"https:\\\/\\\/nesthostelsvalencia.com\\\/es\\\/#organization\"},\"image\":{\"@id\":\"https:\\\/\\\/nesthostelsvalencia.com\\\/es\\\/el-festival-ciutat-vella-oberta\\\/#primaryimage\"},\"thumbnailUrl\":\"https:\\\/\\\/nesthostelsvalencia.com\\\/wp-content\\\/uploads\\\/2013\\\/11\\\/ciutatvella_portada.jpg\",\"articleSection\":[\"Festivales\",\"Tips de viaje\"],\"inLanguage\":\"es-ES\",\"potentialAction\":[{\"@type\":\"CommentAction\",\"name\":\"Comment\",\"target\":[\"https:\\\/\\\/nesthostelsvalencia.com\\\/es\\\/el-festival-ciutat-vella-oberta\\\/#respond\"]}]},{\"@type\":\"WebPage\",\"@id\":\"https:\\\/\\\/nesthostelsvalencia.com\\\/es\\\/el-festival-ciutat-vella-oberta\\\/\",\"url\":\"https:\\\/\\\/nesthostelsvalencia.com\\\/es\\\/el-festival-ciutat-vella-oberta\\\/\",\"name\":\"El Festival Ciutat Vella Oberta &#8226; Nest Hostels Valencia\",\"isPartOf\":{\"@id\":\"https:\\\/\\\/nesthostelsvalencia.com\\\/es\\\/#website\"},\"primaryImageOfPage\":{\"@id\":\"https:\\\/\\\/nesthostelsvalencia.com\\\/es\\\/el-festival-ciutat-vella-oberta\\\/#primaryimage\"},\"image\":{\"@id\":\"https:\\\/\\\/nesthostelsvalencia.com\\\/es\\\/el-festival-ciutat-vella-oberta\\\/#primaryimage\"},\"thumbnailUrl\":\"https:\\\/\\\/nesthostelsvalencia.com\\\/wp-content\\\/uploads\\\/2013\\\/11\\\/ciutatvella_portada.jpg\",\"datePublished\":\"2013-11-06T09:49:08+00:00\",\"dateModified\":\"2023-12-26T11:59:10+00:00\",\"description\":\"El Festival Ciutat Vella Oberta\",\"breadcrumb\":{\"@id\":\"https:\\\/\\\/nesthostelsvalencia.com\\\/es\\\/el-festival-ciutat-vella-oberta\\\/#breadcrumb\"},\"inLanguage\":\"es-ES\",\"potentialAction\":[{\"@type\":\"ReadAction\",\"target\":[\"https:\\\/\\\/nesthostelsvalencia.com\\\/es\\\/el-festival-ciutat-vella-oberta\\\/\"]}]},{\"@type\":\"ImageObject\",\"inLanguage\":\"es-ES\",\"@id\":\"https:\\\/\\\/nesthostelsvalencia.com\\\/es\\\/el-festival-ciutat-vella-oberta\\\/#primaryimage\",\"url\":\"https:\\\/\\\/nesthostelsvalencia.com\\\/wp-content\\\/uploads\\\/2013\\\/11\\\/ciutatvella_portada.jpg\",\"contentUrl\":\"https:\\\/\\\/nesthostelsvalencia.com\\\/wp-content\\\/uploads\\\/2013\\\/11\\\/ciutatvella_portada.jpg\",\"width\":852,\"height\":316},{\"@type\":\"BreadcrumbList\",\"@id\":\"https:\\\/\\\/nesthostelsvalencia.com\\\/es\\\/el-festival-ciutat-vella-oberta\\\/#breadcrumb\",\"itemListElement\":[{\"@type\":\"ListItem\",\"position\":1,\"name\":\"Home\",\"item\":\"https:\\\/\\\/nesthostelsvalencia.com\\\/es\\\/\"},{\"@type\":\"ListItem\",\"position\":2,\"name\":\"El Festival Ciutat Vella Oberta\"}]},{\"@type\":\"WebSite\",\"@id\":\"https:\\\/\\\/nesthostelsvalencia.com\\\/es\\\/#website\",\"url\":\"https:\\\/\\\/nesthostelsvalencia.com\\\/es\\\/\",\"name\":\"Nest Hostels Valencia\",\"description\":\"News, events and tourist info about Valencia\",\"publisher\":{\"@id\":\"https:\\\/\\\/nesthostelsvalencia.com\\\/es\\\/#organization\"},\"alternateName\":\"Nest Hostels Valencia\",\"potentialAction\":[{\"@type\":\"SearchAction\",\"target\":{\"@type\":\"EntryPoint\",\"urlTemplate\":\"https:\\\/\\\/nesthostelsvalencia.com\\\/es\\\/?s={search_term_string}\"},\"query-input\":{\"@type\":\"PropertyValueSpecification\",\"valueRequired\":true,\"valueName\":\"search_term_string\"}}],\"inLanguage\":\"es-ES\"},{\"@type\":\"Organization\",\"@id\":\"https:\\\/\\\/nesthostelsvalencia.com\\\/es\\\/#organization\",\"name\":\"Nest Hostels Valencia\",\"alternateName\":\"Youth hostels and beds for travelers in Valencia\",\"url\":\"https:\\\/\\\/nesthostelsvalencia.com\\\/es\\\/\",\"logo\":{\"@type\":\"ImageObject\",\"inLanguage\":\"es-ES\",\"@id\":\"https:\\\/\\\/nesthostelsvalencia.com\\\/es\\\/#\\\/schema\\\/logo\\\/image\\\/\",\"url\":\"https:\\\/\\\/nesthostelsvalencia.com\\\/wp-content\\\/uploads\\\/2022\\\/01\\\/logo-nesthostels-valencia-feetuphostels.svg\",\"contentUrl\":\"https:\\\/\\\/nesthostelsvalencia.com\\\/wp-content\\\/uploads\\\/2022\\\/01\\\/logo-nesthostels-valencia-feetuphostels.svg\",\"width\":279,\"height\":130,\"caption\":\"Nest Hostels Valencia\"},\"image\":{\"@id\":\"https:\\\/\\\/nesthostelsvalencia.com\\\/es\\\/#\\\/schema\\\/logo\\\/image\\\/\"}},{\"@type\":\"Person\",\"@id\":\"https:\\\/\\\/nesthostelsvalencia.com\\\/es\\\/#\\\/schema\\\/person\\\/2c4f510f8a0f6934f56d4bbd7df56131\",\"name\":\"Feet Up\",\"image\":{\"@type\":\"ImageObject\",\"inLanguage\":\"es-ES\",\"@id\":\"https:\\\/\\\/nesthostelsvalencia.com\\\/wp-content\\\/litespeed\\\/avatar\\\/1d4f2e63f111df6736bfebac4435f67f.jpg?ver=1777448904\",\"url\":\"https:\\\/\\\/nesthostelsvalencia.com\\\/wp-content\\\/litespeed\\\/avatar\\\/1d4f2e63f111df6736bfebac4435f67f.jpg?ver=1777448904\",\"contentUrl\":\"https:\\\/\\\/nesthostelsvalencia.com\\\/wp-content\\\/litespeed\\\/avatar\\\/1d4f2e63f111df6736bfebac4435f67f.jpg?ver=1777448904\",\"caption\":\"Feet Up\"},\"sameAs\":[\"https:\\\/\\\/feetupgroup.com\\\/\"],\"url\":\"https:\\\/\\\/nesthostelsvalencia.com\\\/es\\\/author\\\/feet-up\\\/\"}]}<\/script>\n<!-- \/ Yoast SEO plugin. -->","yoast_head_json":{"title":"El Festival Ciutat Vella Oberta &#8226; Nest Hostels Valencia","description":"El Festival Ciutat Vella Oberta","robots":{"index":"index","follow":"follow","max-snippet":"max-snippet:-1","max-image-preview":"max-image-preview:large","max-video-preview":"max-video-preview:-1"},"canonical":"https:\/\/nesthostelsvalencia.com\/es\/el-festival-ciutat-vella-oberta\/","og_locale":"es_ES","og_type":"article","og_title":"El Festival Ciutat Vella Oberta &#8226; Nest Hostels Valencia","og_description":"El Festival Ciutat Vella Oberta","og_url":"https:\/\/nesthostelsvalencia.com\/es\/el-festival-ciutat-vella-oberta\/","og_site_name":"Nest Hostels Valencia","article_published_time":"2013-11-06T09:49:08+00:00","article_modified_time":"2023-12-26T11:59:10+00:00","og_image":[{"width":852,"height":316,"url":"https:\/\/nesthostelsvalencia.com\/wp-content\/uploads\/2013\/11\/ciutatvella_portada.jpg","type":"image\/jpeg"}],"author":"Feet Up","twitter_card":"summary_large_image","twitter_misc":{"Escrito por":"Feet Up","Tiempo de lectura":"1 minute"},"schema":{"@context":"https:\/\/schema.org","@graph":[{"@type":"Article","@id":"https:\/\/nesthostelsvalencia.com\/es\/el-festival-ciutat-vella-oberta\/#article","isPartOf":{"@id":"https:\/\/nesthostelsvalencia.com\/es\/el-festival-ciutat-vella-oberta\/"},"author":{"name":"Feet Up","@id":"https:\/\/nesthostelsvalencia.com\/es\/#\/schema\/person\/2c4f510f8a0f6934f56d4bbd7df56131"},"headline":"El Festival Ciutat Vella Oberta","datePublished":"2013-11-06T09:49:08+00:00","dateModified":"2023-12-26T11:59:10+00:00","mainEntityOfPage":{"@id":"https:\/\/nesthostelsvalencia.com\/es\/el-festival-ciutat-vella-oberta\/"},"wordCount":127,"commentCount":0,"publisher":{"@id":"https:\/\/nesthostelsvalencia.com\/es\/#organization"},"image":{"@id":"https:\/\/nesthostelsvalencia.com\/es\/el-festival-ciutat-vella-oberta\/#primaryimage"},"thumbnailUrl":"https:\/\/nesthostelsvalencia.com\/wp-content\/uploads\/2013\/11\/ciutatvella_portada.jpg","articleSection":["Festivales","Tips de viaje"],"inLanguage":"es-ES","potentialAction":[{"@type":"CommentAction","name":"Comment","target":["https:\/\/nesthostelsvalencia.com\/es\/el-festival-ciutat-vella-oberta\/#respond"]}]},{"@type":"WebPage","@id":"https:\/\/nesthostelsvalencia.com\/es\/el-festival-ciutat-vella-oberta\/","url":"https:\/\/nesthostelsvalencia.com\/es\/el-festival-ciutat-vella-oberta\/","name":"El Festival Ciutat Vella Oberta &#8226; Nest Hostels Valencia","isPartOf":{"@id":"https:\/\/nesthostelsvalencia.com\/es\/#website"},"primaryImageOfPage":{"@id":"https:\/\/nesthostelsvalencia.com\/es\/el-festival-ciutat-vella-oberta\/#primaryimage"},"image":{"@id":"https:\/\/nesthostelsvalencia.com\/es\/el-festival-ciutat-vella-oberta\/#primaryimage"},"thumbnailUrl":"https:\/\/nesthostelsvalencia.com\/wp-content\/uploads\/2013\/11\/ciutatvella_portada.jpg","datePublished":"2013-11-06T09:49:08+00:00","dateModified":"2023-12-26T11:59:10+00:00","description":"El Festival Ciutat Vella Oberta","breadcrumb":{"@id":"https:\/\/nesthostelsvalencia.com\/es\/el-festival-ciutat-vella-oberta\/#breadcrumb"},"inLanguage":"es-ES","potentialAction":[{"@type":"ReadAction","target":["https:\/\/nesthostelsvalencia.com\/es\/el-festival-ciutat-vella-oberta\/"]}]},{"@type":"ImageObject","inLanguage":"es-ES","@id":"https:\/\/nesthostelsvalencia.com\/es\/el-festival-ciutat-vella-oberta\/#primaryimage","url":"https:\/\/nesthostelsvalencia.com\/wp-content\/uploads\/2013\/11\/ciutatvella_portada.jpg","contentUrl":"https:\/\/nesthostelsvalencia.com\/wp-content\/uploads\/2013\/11\/ciutatvella_portada.jpg","width":852,"height":316},{"@type":"BreadcrumbList","@id":"https:\/\/nesthostelsvalencia.com\/es\/el-festival-ciutat-vella-oberta\/#breadcrumb","itemListElement":[{"@type":"ListItem","position":1,"name":"Home","item":"https:\/\/nesthostelsvalencia.com\/es\/"},{"@type":"ListItem","position":2,"name":"El Festival Ciutat Vella Oberta"}]},{"@type":"WebSite","@id":"https:\/\/nesthostelsvalencia.com\/es\/#website","url":"https:\/\/nesthostelsvalencia.com\/es\/","name":"Nest Hostels Valencia","description":"News, events and tourist info about Valencia","publisher":{"@id":"https:\/\/nesthostelsvalencia.com\/es\/#organization"},"alternateName":"Nest Hostels Valencia","potentialAction":[{"@type":"SearchAction","target":{"@type":"EntryPoint","urlTemplate":"https:\/\/nesthostelsvalencia.com\/es\/?s={search_term_string}"},"query-input":{"@type":"PropertyValueSpecification","valueRequired":true,"valueName":"search_term_string"}}],"inLanguage":"es-ES"},{"@type":"Organization","@id":"https:\/\/nesthostelsvalencia.com\/es\/#organization","name":"Nest Hostels Valencia","alternateName":"Youth hostels and beds for travelers in Valencia","url":"https:\/\/nesthostelsvalencia.com\/es\/","logo":{"@type":"ImageObject","inLanguage":"es-ES","@id":"https:\/\/nesthostelsvalencia.com\/es\/#\/schema\/logo\/image\/","url":"https:\/\/nesthostelsvalencia.com\/wp-content\/uploads\/2022\/01\/logo-nesthostels-valencia-feetuphostels.svg","contentUrl":"https:\/\/nesthostelsvalencia.com\/wp-content\/uploads\/2022\/01\/logo-nesthostels-valencia-feetuphostels.svg","width":279,"height":130,"caption":"Nest Hostels Valencia"},"image":{"@id":"https:\/\/nesthostelsvalencia.com\/es\/#\/schema\/logo\/image\/"}},{"@type":"Person","@id":"https:\/\/nesthostelsvalencia.com\/es\/#\/schema\/person\/2c4f510f8a0f6934f56d4bbd7df56131","name":"Feet Up","image":{"@type":"ImageObject","inLanguage":"es-ES","@id":"https:\/\/nesthostelsvalencia.com\/wp-content\/litespeed\/avatar\/1d4f2e63f111df6736bfebac4435f67f.jpg?ver=1777448904","url":"https:\/\/nesthostelsvalencia.com\/wp-content\/litespeed\/avatar\/1d4f2e63f111df6736bfebac4435f67f.jpg?ver=1777448904","contentUrl":"https:\/\/nesthostelsvalencia.com\/wp-content\/litespeed\/avatar\/1d4f2e63f111df6736bfebac4435f67f.jpg?ver=1777448904","caption":"Feet Up"},"sameAs":["https:\/\/feetupgroup.com\/"],"url":"https:\/\/nesthostelsvalencia.com\/es\/author\/feet-up\/"}]}},"_links":{"self":[{"href":"https:\/\/nesthostelsvalencia.com\/es\/wp-json\/wp\/v2\/posts\/863","targetHints":{"allow":["GET"]}}],"collection":[{"href":"https:\/\/nesthostelsvalencia.com\/es\/wp-json\/wp\/v2\/posts"}],"about":[{"href":"https:\/\/nesthostelsvalencia.com\/es\/wp-json\/wp\/v2\/types\/post"}],"author":[{"embeddable":true,"href":"https:\/\/nesthostelsvalencia.com\/es\/wp-json\/wp\/v2\/users\/21"}],"replies":[{"embeddable":true,"href":"https:\/\/nesthostelsvalencia.com\/es\/wp-json\/wp\/v2\/comments?post=863"}],"version-history":[{"count":0,"href":"https:\/\/nesthostelsvalencia.com\/es\/wp-json\/wp\/v2\/posts\/863\/revisions"}],"wp:featuredmedia":[{"embeddable":true,"href":"https:\/\/nesthostelsvalencia.com\/es\/wp-json\/wp\/v2\/media\/866"}],"wp:attachment":[{"href":"https:\/\/nesthostelsvalencia.com\/es\/wp-json\/wp\/v2\/media?parent=863"}],"wp:term":[{"taxonomy":"category","embeddable":true,"href":"https:\/\/nesthostelsvalencia.com\/es\/wp-json\/wp\/v2\/categories?post=863"},{"taxonomy":"post_tag","embeddable":true,"href":"https:\/\/nesthostelsvalencia.com\/es\/wp-json\/wp\/v2\/tags?post=863"}],"curies":[{"name":"wp","href":"https:\/\/api.w.org\/{rel}","templated":true}]}}