{"id":14152,"date":"2013-06-24T11:30:50","date_gmt":"2013-06-24T09:30:50","guid":{"rendered":"https:\/\/nesthostelsvalencia.com\/one-day-journey\/"},"modified":"2023-12-26T13:04:08","modified_gmt":"2023-12-26T12:04:08","slug":"eendaagse-reis-naar-sierra-calderona","status":"publish","type":"post","link":"https:\/\/nesthostelsvalencia.com\/nl\/eendaagse-reis-naar-sierra-calderona\/","title":{"rendered":"Eendaagse Reis Naar Sierra Calderona!"},"content":{"rendered":"\n<p>Als je het nachtleven, de bieren en de stranden een beetje zat bent, kunnen we je een leuk alternatief aanraden &#8211; een dagtocht naar Sierra Calderona.<\/p>\n\n\n\n<p><span lang=\"EN-US\">Serra Calderona is een 49 km (30 mijl) lange bergketen in de comarcas Camp de T\u00faria, Horta Nord en Alt Pal\u00e0ncia van de Valenciaanse Gemeenschap, tussen de provincies Castell\u00f3 en Valencia, Spanje.<\/span><\/p>\n\n\n\n<div class=\"wp-block-image\"><figure class=\"aligncenter\"><a href=\"http:\/\/www.nesthostelsvalencia.com\/wp-content\/uploads\/2013\/06\/sierra-1.jpg\"><img fetchpriority=\"high\" decoding=\"async\" width=\"1024\" height=\"768\" src=\"http:\/\/www.nesthostelsvalencia.com\/wp-content\/uploads\/2013\/06\/sierra-1-1024x768.jpg\" alt=\"sierra 1\" class=\"wp-image-220\" srcset=\"https:\/\/nesthostelsvalencia.com\/wp-content\/uploads\/2013\/06\/sierra-1-1024x768.jpg 1024w, https:\/\/nesthostelsvalencia.com\/wp-content\/uploads\/2013\/06\/sierra-1-300x225.jpg 300w, https:\/\/nesthostelsvalencia.com\/wp-content\/uploads\/2013\/06\/sierra-1-194x146.jpg 194w, https:\/\/nesthostelsvalencia.com\/wp-content\/uploads\/2013\/06\/sierra-1-50x37.jpg 50w, https:\/\/nesthostelsvalencia.com\/wp-content\/uploads\/2013\/06\/sierra-1-146x110.jpg 146w, https:\/\/nesthostelsvalencia.com\/wp-content\/uploads\/2013\/06\/sierra-1-119x90.jpg 119w, https:\/\/nesthostelsvalencia.com\/wp-content\/uploads\/2013\/06\/sierra-1.jpg 1413w\" sizes=\"(max-width: 1024px) 100vw, 1024px\" \/><\/a><\/figure><\/div>\n\n\n\n<p class=\"has-text-align-center\"><\/p>\n\n\n\n<p><span lang=\"EN-US\">Dit matig hoge bereik is een oostelijke verlenging van de Sierra de Javalambre. Het hoogste punt is El Gorgo (907 m). Andere belangrijke toppen zijn Muntanya del Garb\u00ed (600 m) en El Puntal de l&#8217; Abella (635 m).<\/span><\/p>\n\n\n\n<p><span lang=\"EN-US\">Het bereik was voorheen bekend als Monts de Porta Coeli, naar het kartuizerklooster van Porta Coeli in de bergen. De naam Calderona is ontstaan \u200b\u200bin de zeventiende eeuw toen een vrouw die bekend stond als Mar\u00eda Calder\u00f3n &#8220;La Calderona&#8221;, een van de favoriete minnaressen van koning Filips IV van Spanje, zich in deze bergen verstopte tussen de struikrovers.<\/span><\/p>\n\n\n\n<p>Deze dagelijkse reis is een echte aanrader voor natuurliefhebbers.<\/p>\n\n\n\n<p><strong>Hoe de bestemming te krijgen?<\/strong><\/p>\n\n\n\n<ol class=\"wp-block-list\"><li>Allereerst heb je een metro Colon-Betera nodig (de duur van de reis is ongeveer 36 minuten)<\/li><\/ol>\n\n\n\n<p>2. Je hebt een bus B\u00e9tera-N\u00e1quera-Serra nodig (je bestemming is Serra: de duur is ongeveer 15 minuten)<\/p>\n\n\n\n<p>Hoe dan ook, als je wat vragen hebt, kun je dingen stellen in <a href=\"https:\/\/nesthostelsvalencia.com\/es\/\">hostels<\/a>.<\/p>\n\n\n\n<p>[youtube G18B-Xkhb8g]<\/p>\n\n\n\n<p>&nbsp;<\/p>\n\n\n\n<p>Veel plezier!!!!!!!:)<\/p>\n\n\n\n<p>&nbsp;<\/p>\n\n\n\n<p>&nbsp;<\/p>\n","protected":false},"excerpt":{"rendered":"<p>Als je het nachtleven, de bieren en de stranden een beetje zat bent, kunnen we je een leuk alternatief aanraden &#8211; een dagtocht naar Sierra Calderona. Serra Calderona is een 49 km (30 mijl) lange bergketen in de comarcas Camp de T\u00faria, Horta Nord en Alt Pal\u00e0ncia van de Valenciaanse Gemeenschap, tussen de provincies Castell\u00f3 [&hellip;]<\/p>\n","protected":false},"author":21,"featured_media":10744,"comment_status":"open","ping_status":"open","sticky":false,"template":"","format":"standard","meta":{"footnotes":""},"categories":[62,130],"tags":[],"class_list":["post-14152","post","type-post","status-publish","format-standard","has-post-thumbnail","hentry","category-erasmus","category-reistips"],"yoast_head":"<!-- This site is optimized with the Yoast SEO plugin v27.4 - https:\/\/yoast.com\/product\/yoast-seo-wordpress\/ -->\n<title>Eendaagse Reis Naar Sierra Calderona! &#8226; Nest Hostels Valencia<\/title>\n<meta name=\"description\" content=\"Eendaagse Reis Naar Sierra Calderona!\" \/>\n<meta name=\"robots\" content=\"index, follow, max-snippet:-1, max-image-preview:large, max-video-preview:-1\" \/>\n<link rel=\"canonical\" href=\"https:\/\/nesthostelsvalencia.com\/nl\/eendaagse-reis-naar-sierra-calderona\/\" \/>\n<meta property=\"og:locale\" content=\"nl_NL\" \/>\n<meta property=\"og:type\" content=\"article\" \/>\n<meta property=\"og:title\" content=\"Eendaagse Reis Naar Sierra Calderona! &#8226; Nest Hostels Valencia\" \/>\n<meta property=\"og:description\" content=\"One day journey to Sierra Calderona! Do you know Valencia?\" \/>\n<meta property=\"og:url\" content=\"https:\/\/nesthostelsvalencia.com\/nl\/eendaagse-reis-naar-sierra-calderona\/\" \/>\n<meta property=\"og:site_name\" content=\"Nest Hostels Valencia\" \/>\n<meta property=\"article:published_time\" content=\"2013-06-24T09:30:50+00:00\" \/>\n<meta property=\"article:modified_time\" content=\"2023-12-26T12:04:08+00:00\" \/>\n<meta property=\"og:image\" content=\"https:\/\/nesthostelsvalencia.com\/wp-content\/uploads\/2013\/06\/el-secanet-serra-calderona2_destino_14_31807_BR.jpg\" \/>\n\t<meta property=\"og:image:width\" content=\"980\" \/>\n\t<meta property=\"og:image:height\" content=\"377\" \/>\n\t<meta property=\"og:image:type\" content=\"image\/jpeg\" \/>\n<meta name=\"author\" content=\"Feet Up\" \/>\n<meta name=\"twitter:card\" content=\"summary_large_image\" \/>\n<meta name=\"twitter:label1\" content=\"Geschreven door\" \/>\n\t<meta name=\"twitter:data1\" content=\"Feet Up\" \/>\n\t<meta name=\"twitter:label2\" content=\"Geschatte leestijd\" \/>\n\t<meta name=\"twitter:data2\" content=\"2 minuten\" \/>\n<script type=\"application\/ld+json\" class=\"yoast-schema-graph\">{\"@context\":\"https:\\\/\\\/schema.org\",\"@graph\":[{\"@type\":\"Article\",\"@id\":\"https:\\\/\\\/nesthostelsvalencia.com\\\/nl\\\/eendaagse-reis-naar-sierra-calderona\\\/#article\",\"isPartOf\":{\"@id\":\"https:\\\/\\\/nesthostelsvalencia.com\\\/nl\\\/eendaagse-reis-naar-sierra-calderona\\\/\"},\"author\":{\"name\":\"Feet Up\",\"@id\":\"https:\\\/\\\/nesthostelsvalencia.com\\\/nl\\\/#\\\/schema\\\/person\\\/2c4f510f8a0f6934f56d4bbd7df56131\"},\"headline\":\"Eendaagse Reis Naar Sierra Calderona!\",\"datePublished\":\"2013-06-24T09:30:50+00:00\",\"dateModified\":\"2023-12-26T12:04:08+00:00\",\"mainEntityOfPage\":{\"@id\":\"https:\\\/\\\/nesthostelsvalencia.com\\\/nl\\\/eendaagse-reis-naar-sierra-calderona\\\/\"},\"wordCount\":227,\"commentCount\":0,\"publisher\":{\"@id\":\"https:\\\/\\\/nesthostelsvalencia.com\\\/nl\\\/#organization\"},\"image\":{\"@id\":\"https:\\\/\\\/nesthostelsvalencia.com\\\/nl\\\/eendaagse-reis-naar-sierra-calderona\\\/#primaryimage\"},\"thumbnailUrl\":\"https:\\\/\\\/nesthostelsvalencia.com\\\/wp-content\\\/uploads\\\/2013\\\/06\\\/el-secanet-serra-calderona2_destino_14_31807_BR.jpg\",\"articleSection\":[\"Erasmus\",\"Reistips\"],\"inLanguage\":\"nl-NL\",\"potentialAction\":[{\"@type\":\"CommentAction\",\"name\":\"Comment\",\"target\":[\"https:\\\/\\\/nesthostelsvalencia.com\\\/nl\\\/eendaagse-reis-naar-sierra-calderona\\\/#respond\"]}]},{\"@type\":\"WebPage\",\"@id\":\"https:\\\/\\\/nesthostelsvalencia.com\\\/nl\\\/eendaagse-reis-naar-sierra-calderona\\\/\",\"url\":\"https:\\\/\\\/nesthostelsvalencia.com\\\/nl\\\/eendaagse-reis-naar-sierra-calderona\\\/\",\"name\":\"Eendaagse Reis Naar Sierra Calderona! &#8226; Nest Hostels Valencia\",\"isPartOf\":{\"@id\":\"https:\\\/\\\/nesthostelsvalencia.com\\\/nl\\\/#website\"},\"primaryImageOfPage\":{\"@id\":\"https:\\\/\\\/nesthostelsvalencia.com\\\/nl\\\/eendaagse-reis-naar-sierra-calderona\\\/#primaryimage\"},\"image\":{\"@id\":\"https:\\\/\\\/nesthostelsvalencia.com\\\/nl\\\/eendaagse-reis-naar-sierra-calderona\\\/#primaryimage\"},\"thumbnailUrl\":\"https:\\\/\\\/nesthostelsvalencia.com\\\/wp-content\\\/uploads\\\/2013\\\/06\\\/el-secanet-serra-calderona2_destino_14_31807_BR.jpg\",\"datePublished\":\"2013-06-24T09:30:50+00:00\",\"dateModified\":\"2023-12-26T12:04:08+00:00\",\"description\":\"Eendaagse Reis Naar Sierra Calderona!\",\"breadcrumb\":{\"@id\":\"https:\\\/\\\/nesthostelsvalencia.com\\\/nl\\\/eendaagse-reis-naar-sierra-calderona\\\/#breadcrumb\"},\"inLanguage\":\"nl-NL\",\"potentialAction\":[{\"@type\":\"ReadAction\",\"target\":[\"https:\\\/\\\/nesthostelsvalencia.com\\\/nl\\\/eendaagse-reis-naar-sierra-calderona\\\/\"]}]},{\"@type\":\"ImageObject\",\"inLanguage\":\"nl-NL\",\"@id\":\"https:\\\/\\\/nesthostelsvalencia.com\\\/nl\\\/eendaagse-reis-naar-sierra-calderona\\\/#primaryimage\",\"url\":\"https:\\\/\\\/nesthostelsvalencia.com\\\/wp-content\\\/uploads\\\/2013\\\/06\\\/el-secanet-serra-calderona2_destino_14_31807_BR.jpg\",\"contentUrl\":\"https:\\\/\\\/nesthostelsvalencia.com\\\/wp-content\\\/uploads\\\/2013\\\/06\\\/el-secanet-serra-calderona2_destino_14_31807_BR.jpg\",\"width\":980,\"height\":377,\"caption\":\"Sierra Calderona\"},{\"@type\":\"BreadcrumbList\",\"@id\":\"https:\\\/\\\/nesthostelsvalencia.com\\\/nl\\\/eendaagse-reis-naar-sierra-calderona\\\/#breadcrumb\",\"itemListElement\":[{\"@type\":\"ListItem\",\"position\":1,\"name\":\"Home\",\"item\":\"https:\\\/\\\/nesthostelsvalencia.com\\\/nl\\\/\"},{\"@type\":\"ListItem\",\"position\":2,\"name\":\"Eendaagse Reis Naar Sierra Calderona!\"}]},{\"@type\":\"WebSite\",\"@id\":\"https:\\\/\\\/nesthostelsvalencia.com\\\/nl\\\/#website\",\"url\":\"https:\\\/\\\/nesthostelsvalencia.com\\\/nl\\\/\",\"name\":\"Nest Hostels Valencia\",\"description\":\"Youth hostels and beds for travelers in Valencia\",\"publisher\":{\"@id\":\"https:\\\/\\\/nesthostelsvalencia.com\\\/nl\\\/#organization\"},\"alternateName\":\"Nest Hostels Valencia\",\"potentialAction\":[{\"@type\":\"SearchAction\",\"target\":{\"@type\":\"EntryPoint\",\"urlTemplate\":\"https:\\\/\\\/nesthostelsvalencia.com\\\/nl\\\/?s={search_term_string}\"},\"query-input\":{\"@type\":\"PropertyValueSpecification\",\"valueRequired\":true,\"valueName\":\"search_term_string\"}}],\"inLanguage\":\"nl-NL\"},{\"@type\":\"Organization\",\"@id\":\"https:\\\/\\\/nesthostelsvalencia.com\\\/nl\\\/#organization\",\"name\":\"Nest Hostels Valencia\",\"alternateName\":\"Youth hostels and beds for travelers in Valencia\",\"url\":\"https:\\\/\\\/nesthostelsvalencia.com\\\/nl\\\/\",\"logo\":{\"@type\":\"ImageObject\",\"inLanguage\":\"nl-NL\",\"@id\":\"https:\\\/\\\/nesthostelsvalencia.com\\\/nl\\\/#\\\/schema\\\/logo\\\/image\\\/\",\"url\":\"https:\\\/\\\/nesthostelsvalencia.com\\\/wp-content\\\/uploads\\\/2022\\\/01\\\/logo-nesthostels-valencia-feetuphostels.svg\",\"contentUrl\":\"https:\\\/\\\/nesthostelsvalencia.com\\\/wp-content\\\/uploads\\\/2022\\\/01\\\/logo-nesthostels-valencia-feetuphostels.svg\",\"width\":279,\"height\":130,\"caption\":\"Nest Hostels Valencia\"},\"image\":{\"@id\":\"https:\\\/\\\/nesthostelsvalencia.com\\\/nl\\\/#\\\/schema\\\/logo\\\/image\\\/\"}},{\"@type\":\"Person\",\"@id\":\"https:\\\/\\\/nesthostelsvalencia.com\\\/nl\\\/#\\\/schema\\\/person\\\/2c4f510f8a0f6934f56d4bbd7df56131\",\"name\":\"Feet Up\",\"image\":{\"@type\":\"ImageObject\",\"inLanguage\":\"nl-NL\",\"@id\":\"https:\\\/\\\/nesthostelsvalencia.com\\\/wp-content\\\/litespeed\\\/avatar\\\/1d4f2e63f111df6736bfebac4435f67f.jpg?ver=1776844101\",\"url\":\"https:\\\/\\\/nesthostelsvalencia.com\\\/wp-content\\\/litespeed\\\/avatar\\\/1d4f2e63f111df6736bfebac4435f67f.jpg?ver=1776844101\",\"contentUrl\":\"https:\\\/\\\/nesthostelsvalencia.com\\\/wp-content\\\/litespeed\\\/avatar\\\/1d4f2e63f111df6736bfebac4435f67f.jpg?ver=1776844101\",\"caption\":\"Feet Up\"},\"sameAs\":[\"https:\\\/\\\/feetupgroup.com\\\/\"],\"url\":\"https:\\\/\\\/nesthostelsvalencia.com\\\/nl\\\/author\\\/feet-up\\\/\"}]}<\/script>\n<!-- \/ Yoast SEO plugin. -->","yoast_head_json":{"title":"Eendaagse Reis Naar Sierra Calderona! &#8226; Nest Hostels Valencia","description":"Eendaagse Reis Naar Sierra Calderona!","robots":{"index":"index","follow":"follow","max-snippet":"max-snippet:-1","max-image-preview":"max-image-preview:large","max-video-preview":"max-video-preview:-1"},"canonical":"https:\/\/nesthostelsvalencia.com\/nl\/eendaagse-reis-naar-sierra-calderona\/","og_locale":"nl_NL","og_type":"article","og_title":"Eendaagse Reis Naar Sierra Calderona! &#8226; Nest Hostels Valencia","og_description":"One day journey to Sierra Calderona! Do you know Valencia?","og_url":"https:\/\/nesthostelsvalencia.com\/nl\/eendaagse-reis-naar-sierra-calderona\/","og_site_name":"Nest Hostels Valencia","article_published_time":"2013-06-24T09:30:50+00:00","article_modified_time":"2023-12-26T12:04:08+00:00","og_image":[{"width":980,"height":377,"url":"https:\/\/nesthostelsvalencia.com\/wp-content\/uploads\/2013\/06\/el-secanet-serra-calderona2_destino_14_31807_BR.jpg","type":"image\/jpeg"}],"author":"Feet Up","twitter_card":"summary_large_image","twitter_misc":{"Geschreven door":"Feet Up","Geschatte leestijd":"2 minuten"},"schema":{"@context":"https:\/\/schema.org","@graph":[{"@type":"Article","@id":"https:\/\/nesthostelsvalencia.com\/nl\/eendaagse-reis-naar-sierra-calderona\/#article","isPartOf":{"@id":"https:\/\/nesthostelsvalencia.com\/nl\/eendaagse-reis-naar-sierra-calderona\/"},"author":{"name":"Feet Up","@id":"https:\/\/nesthostelsvalencia.com\/nl\/#\/schema\/person\/2c4f510f8a0f6934f56d4bbd7df56131"},"headline":"Eendaagse Reis Naar Sierra Calderona!","datePublished":"2013-06-24T09:30:50+00:00","dateModified":"2023-12-26T12:04:08+00:00","mainEntityOfPage":{"@id":"https:\/\/nesthostelsvalencia.com\/nl\/eendaagse-reis-naar-sierra-calderona\/"},"wordCount":227,"commentCount":0,"publisher":{"@id":"https:\/\/nesthostelsvalencia.com\/nl\/#organization"},"image":{"@id":"https:\/\/nesthostelsvalencia.com\/nl\/eendaagse-reis-naar-sierra-calderona\/#primaryimage"},"thumbnailUrl":"https:\/\/nesthostelsvalencia.com\/wp-content\/uploads\/2013\/06\/el-secanet-serra-calderona2_destino_14_31807_BR.jpg","articleSection":["Erasmus","Reistips"],"inLanguage":"nl-NL","potentialAction":[{"@type":"CommentAction","name":"Comment","target":["https:\/\/nesthostelsvalencia.com\/nl\/eendaagse-reis-naar-sierra-calderona\/#respond"]}]},{"@type":"WebPage","@id":"https:\/\/nesthostelsvalencia.com\/nl\/eendaagse-reis-naar-sierra-calderona\/","url":"https:\/\/nesthostelsvalencia.com\/nl\/eendaagse-reis-naar-sierra-calderona\/","name":"Eendaagse Reis Naar Sierra Calderona! &#8226; Nest Hostels Valencia","isPartOf":{"@id":"https:\/\/nesthostelsvalencia.com\/nl\/#website"},"primaryImageOfPage":{"@id":"https:\/\/nesthostelsvalencia.com\/nl\/eendaagse-reis-naar-sierra-calderona\/#primaryimage"},"image":{"@id":"https:\/\/nesthostelsvalencia.com\/nl\/eendaagse-reis-naar-sierra-calderona\/#primaryimage"},"thumbnailUrl":"https:\/\/nesthostelsvalencia.com\/wp-content\/uploads\/2013\/06\/el-secanet-serra-calderona2_destino_14_31807_BR.jpg","datePublished":"2013-06-24T09:30:50+00:00","dateModified":"2023-12-26T12:04:08+00:00","description":"Eendaagse Reis Naar Sierra Calderona!","breadcrumb":{"@id":"https:\/\/nesthostelsvalencia.com\/nl\/eendaagse-reis-naar-sierra-calderona\/#breadcrumb"},"inLanguage":"nl-NL","potentialAction":[{"@type":"ReadAction","target":["https:\/\/nesthostelsvalencia.com\/nl\/eendaagse-reis-naar-sierra-calderona\/"]}]},{"@type":"ImageObject","inLanguage":"nl-NL","@id":"https:\/\/nesthostelsvalencia.com\/nl\/eendaagse-reis-naar-sierra-calderona\/#primaryimage","url":"https:\/\/nesthostelsvalencia.com\/wp-content\/uploads\/2013\/06\/el-secanet-serra-calderona2_destino_14_31807_BR.jpg","contentUrl":"https:\/\/nesthostelsvalencia.com\/wp-content\/uploads\/2013\/06\/el-secanet-serra-calderona2_destino_14_31807_BR.jpg","width":980,"height":377,"caption":"Sierra Calderona"},{"@type":"BreadcrumbList","@id":"https:\/\/nesthostelsvalencia.com\/nl\/eendaagse-reis-naar-sierra-calderona\/#breadcrumb","itemListElement":[{"@type":"ListItem","position":1,"name":"Home","item":"https:\/\/nesthostelsvalencia.com\/nl\/"},{"@type":"ListItem","position":2,"name":"Eendaagse Reis Naar Sierra Calderona!"}]},{"@type":"WebSite","@id":"https:\/\/nesthostelsvalencia.com\/nl\/#website","url":"https:\/\/nesthostelsvalencia.com\/nl\/","name":"Nest Hostels Valencia","description":"Youth hostels and beds for travelers in Valencia","publisher":{"@id":"https:\/\/nesthostelsvalencia.com\/nl\/#organization"},"alternateName":"Nest Hostels Valencia","potentialAction":[{"@type":"SearchAction","target":{"@type":"EntryPoint","urlTemplate":"https:\/\/nesthostelsvalencia.com\/nl\/?s={search_term_string}"},"query-input":{"@type":"PropertyValueSpecification","valueRequired":true,"valueName":"search_term_string"}}],"inLanguage":"nl-NL"},{"@type":"Organization","@id":"https:\/\/nesthostelsvalencia.com\/nl\/#organization","name":"Nest Hostels Valencia","alternateName":"Youth hostels and beds for travelers in Valencia","url":"https:\/\/nesthostelsvalencia.com\/nl\/","logo":{"@type":"ImageObject","inLanguage":"nl-NL","@id":"https:\/\/nesthostelsvalencia.com\/nl\/#\/schema\/logo\/image\/","url":"https:\/\/nesthostelsvalencia.com\/wp-content\/uploads\/2022\/01\/logo-nesthostels-valencia-feetuphostels.svg","contentUrl":"https:\/\/nesthostelsvalencia.com\/wp-content\/uploads\/2022\/01\/logo-nesthostels-valencia-feetuphostels.svg","width":279,"height":130,"caption":"Nest Hostels Valencia"},"image":{"@id":"https:\/\/nesthostelsvalencia.com\/nl\/#\/schema\/logo\/image\/"}},{"@type":"Person","@id":"https:\/\/nesthostelsvalencia.com\/nl\/#\/schema\/person\/2c4f510f8a0f6934f56d4bbd7df56131","name":"Feet Up","image":{"@type":"ImageObject","inLanguage":"nl-NL","@id":"https:\/\/nesthostelsvalencia.com\/wp-content\/litespeed\/avatar\/1d4f2e63f111df6736bfebac4435f67f.jpg?ver=1776844101","url":"https:\/\/nesthostelsvalencia.com\/wp-content\/litespeed\/avatar\/1d4f2e63f111df6736bfebac4435f67f.jpg?ver=1776844101","contentUrl":"https:\/\/nesthostelsvalencia.com\/wp-content\/litespeed\/avatar\/1d4f2e63f111df6736bfebac4435f67f.jpg?ver=1776844101","caption":"Feet Up"},"sameAs":["https:\/\/feetupgroup.com\/"],"url":"https:\/\/nesthostelsvalencia.com\/nl\/author\/feet-up\/"}]}},"_links":{"self":[{"href":"https:\/\/nesthostelsvalencia.com\/nl\/wp-json\/wp\/v2\/posts\/14152","targetHints":{"allow":["GET"]}}],"collection":[{"href":"https:\/\/nesthostelsvalencia.com\/nl\/wp-json\/wp\/v2\/posts"}],"about":[{"href":"https:\/\/nesthostelsvalencia.com\/nl\/wp-json\/wp\/v2\/types\/post"}],"author":[{"embeddable":true,"href":"https:\/\/nesthostelsvalencia.com\/nl\/wp-json\/wp\/v2\/users\/21"}],"replies":[{"embeddable":true,"href":"https:\/\/nesthostelsvalencia.com\/nl\/wp-json\/wp\/v2\/comments?post=14152"}],"version-history":[{"count":0,"href":"https:\/\/nesthostelsvalencia.com\/nl\/wp-json\/wp\/v2\/posts\/14152\/revisions"}],"wp:featuredmedia":[{"embeddable":true,"href":"https:\/\/nesthostelsvalencia.com\/nl\/wp-json\/wp\/v2\/media\/10744"}],"wp:attachment":[{"href":"https:\/\/nesthostelsvalencia.com\/nl\/wp-json\/wp\/v2\/media?parent=14152"}],"wp:term":[{"taxonomy":"category","embeddable":true,"href":"https:\/\/nesthostelsvalencia.com\/nl\/wp-json\/wp\/v2\/categories?post=14152"},{"taxonomy":"post_tag","embeddable":true,"href":"https:\/\/nesthostelsvalencia.com\/nl\/wp-json\/wp\/v2\/tags?post=14152"}],"curies":[{"name":"wp","href":"https:\/\/api.w.org\/{rel}","templated":true}]}}